{"id":206684,"date":"2025-12-29T17:41:09","date_gmt":"2025-12-29T17:41:09","guid":{"rendered":"https:\/\/www.europesays.com\/pt\/206684\/"},"modified":"2025-12-29T17:41:09","modified_gmt":"2025-12-29T17:41:09","slug":"a-boa-audiencia-de-titanic-no-domingo-da-globo","status":"publish","type":"post","link":"https:\/\/www.europesays.com\/pt\/206684\/","title":{"rendered":"A boa audi\u00eancia de Titanic no domingo da Globo"},"content":{"rendered":"<p>Lan\u00e7ado h\u00e1 28 anos, Titanic segue como um fen\u00f4meno de popularidade. Exibido pela Globo na Temperatura M\u00e1xima, no \u00faltimo domingo (28) do ano, ocasi\u00e3o em que menos televisores ficam ligados por causa do calor e das viagens\/passeios de fim de ano, <a href=\"https:\/\/tangerina.uol.com.br\/filmes-series\/cabia-diretor-recriou-cena-final-de-titanic-para-testar-teoria-sobre-jack-e-rose\/\" target=\"_blank\" rel=\"noreferrer noopener nofollow\">o filme dirigido por James Cameron<\/a> registrou uma boa audi\u00eancia na TV aberta.<\/p>\n<p>De acordo com dados da Kantar Ibope publicados pelo <strong>Not\u00edcias da TV<\/strong>, a superprodu\u00e7\u00e3o vencedora de 11 Oscars marcou 10,1 pontos de m\u00e9dia na Grande S\u00e3o Paulo, principal mercado publicit\u00e1rio do pa\u00eds. Isso significa que cerca de 780 mil resid\u00eancias e mais de dois milh\u00f5es de pessoas estavam com seus televisores ligados na Globo no momento da exibi\u00e7\u00e3o de Titanic.<\/p>\n<p>O desempenho tamb\u00e9m fez com que o longa fosse o segundo programa mais visto da TV brasileira no dia, \u00e0 frente do Doming\u00e3o com Huck (9,2 pontos) e Globo Rural (9,8 pontos) \u2014<a href=\"https:\/\/noticiasdatv.uol.com.br\/noticia\/audiencias\/com-estreia-de-rodrigo-carvalho-fantastico-tem-sua-pior-audiencia-do-ano-145631\" target=\"_blank\" rel=\"noreferrer noopener nofollow\">s\u00f3 ficou atr\u00e1s do Fant\u00e1stico<\/a>, que marcou 13,8 de m\u00e9dia. O filme de 1997 tamb\u00e9m conquistou mais audi\u00eancia do que toda a programa\u00e7\u00e3o da Record e do SBT.<\/p>\n<p>Titanic est\u00e1 dispon\u00edvel para assistir online no Disney+. Voc\u00ea pode ver os <a href=\"https:\/\/noticiasdatv.uol.com.br\/canal\/audiencias-4\" target=\"_blank\" rel=\"noreferrer noopener nofollow\">dados completos de audi\u00eancia no <strong>Not\u00edcias da TV<\/strong><\/a>, que publica diariamente o ibope das emissoras de TV.<\/p>\n","protected":false},"excerpt":{"rendered":"Lan\u00e7ado h\u00e1 28 anos, Titanic segue como um fen\u00f4meno de popularidade. Exibido pela Globo na Temperatura M\u00e1xima, no&hellip;\n","protected":false},"author":2,"featured_media":206685,"comment_status":"","ping_status":"","sticky":false,"template":"","format":"standard","meta":{"footnotes":""},"categories":[140],"tags":[114,115,147,148,753,146,32,33],"class_list":{"0":"post-206684","1":"post","2":"type-post","3":"status-publish","4":"format-standard","5":"has-post-thumbnail","7":"category-filmes","8":"tag-entertainment","9":"tag-entretenimento","10":"tag-film","11":"tag-filmes","12":"tag-globo","13":"tag-movies","14":"tag-portugal","15":"tag-pt"},"share_on_mastodon":{"url":"https:\/\/pubeurope.com\/@pt\/115804090267930184","error":""},"_links":{"self":[{"href":"https:\/\/www.europesays.com\/pt\/wp-json\/wp\/v2\/posts\/206684","targetHints":{"allow":["GET"]}}],"collection":[{"href":"https:\/\/www.europesays.com\/pt\/wp-json\/wp\/v2\/posts"}],"about":[{"href":"https:\/\/www.europesays.com\/pt\/wp-json\/wp\/v2\/types\/post"}],"author":[{"embeddable":true,"href":"https:\/\/www.europesays.com\/pt\/wp-json\/wp\/v2\/users\/2"}],"replies":[{"embeddable":true,"href":"https:\/\/www.europesays.com\/pt\/wp-json\/wp\/v2\/comments?post=206684"}],"version-history":[{"count":0,"href":"https:\/\/www.europesays.com\/pt\/wp-json\/wp\/v2\/posts\/206684\/revisions"}],"wp:featuredmedia":[{"embeddable":true,"href":"https:\/\/www.europesays.com\/pt\/wp-json\/wp\/v2\/media\/206685"}],"wp:attachment":[{"href":"https:\/\/www.europesays.com\/pt\/wp-json\/wp\/v2\/media?parent=206684"}],"wp:term":[{"taxonomy":"category","embeddable":true,"href":"https:\/\/www.europesays.com\/pt\/wp-json\/wp\/v2\/categories?post=206684"},{"taxonomy":"post_tag","embeddable":true,"href":"https:\/\/www.europesays.com\/pt\/wp-json\/wp\/v2\/tags?post=206684"}],"curies":[{"name":"wp","href":"https:\/\/api.w.org\/{rel}","templated":true}]}}