{"id":206692,"date":"2025-12-29T17:45:16","date_gmt":"2025-12-29T17:45:16","guid":{"rendered":"https:\/\/www.europesays.com\/pt\/206692\/"},"modified":"2025-12-29T17:45:16","modified_gmt":"2025-12-29T17:45:16","slug":"por-que-as-gpus-vao-ficar-mais-caras-a-partir-de-2026","status":"publish","type":"post","link":"https:\/\/www.europesays.com\/pt\/206692\/","title":{"rendered":"Por que as GPUs v\u00e3o ficar mais caras a partir de 2026"},"content":{"rendered":"<p class=\"my-2 [&amp;+p]:mt-4 [&amp;_strong:has(+br)]:inline-block [&amp;_strong:has(+br)]:pb-2\">As fabricantes <strong>AMD<\/strong> e <strong>NVIDIA<\/strong> podem aumentar os pre\u00e7os de suas placas de v\u00eddeo j\u00e1 a partir de janeiro de 2026. Segundo <strong><a href=\"http:\/\/www.boardchannels.com.cn\/thread-130155-1-1.html\" target=\"_blank\" rel=\"noopener nofollow\">informa\u00e7\u00f5es publicadas por fontes em f\u00f3runs chineses,<\/a><\/strong> o reajuste ser\u00e1 aplicado de forma gradual e pode se estender pelos primeiros meses do ano.<\/p>\n<p class=\"my-2 [&amp;+p]:mt-4 [&amp;_strong:has(+br)]:inline-block [&amp;_strong:has(+br)]:pb-2\">O motivo \u00e9 o aumento no custo dos chips de mem\u00f3ria utilizados nas GPUs, como os modelos <strong>GDDR6 e GDDR6X<\/strong>, que registraram varia\u00e7\u00e3o significativa nos contratos de fornecimento durante o segundo semestre de 2025.<\/p>\n<p class=\"my-2 [&amp;+p]:mt-4 [&amp;_strong:has(+br)]:inline-block [&amp;_strong:has(+br)]:pb-2\">At\u00e9 agora, as duas empresas conseguiram evitar mudan\u00e7as de pre\u00e7o por causa de contratos antigos com fornecedores, que garantiam valores fixos at\u00e9 o fim de 2025. Esse per\u00edodo de estabilidade chega ao fim com o in\u00edcio do pr\u00f3ximo ano fiscal de cada companhia.<\/p>\n<p><a href=\"https:\/\/www.europesays.com\/pt\/wp-content\/uploads\/2025\/12\/TMEh2gdJWsrm4xjetk9aQg.jpg\"><img fetchpriority=\"high\" decoding=\"async\" class=\"aligncenter wp-image-346773 \" src=\"data:image\/svg+xml,%3Csvg%20xmlns=\" http:=\"\" alt=\"\" width=\"787\" height=\"443\" title=\"AMD e NVIDIA devem reajustar pre\u00e7os de placas de v\u00eddeo a partir de janeiro de 2026 1\" data-lazy- data-lazy- data-lazy-src=\"https:\/\/www.europesays.com\/pt\/wp-content\/uploads\/2025\/12\/TMEh2gdJWsrm4xjetk9aQg.jpg\"\/><\/a><\/p>\n<p class=\"my-2 [&amp;+p]:mt-4 [&amp;_strong:has(+br)]:inline-block [&amp;_strong:has(+br)]:pb-2\">No caso da AMD, os novos contratos devem ser revistos em janeiro, logo ap\u00f3s o encerramento do quarto trimestre fiscal, que termina em dezembro. A Nvidia, cujo trimestre \u00e9 encerrado no fim de janeiro, deve seguir o mesmo caminho na sequ\u00eancia.<\/p>\n<p class=\"my-2 [&amp;+p]:mt-4 [&amp;_strong:has(+br)]:inline-block [&amp;_strong:has(+br)]:pb-2\">O repasse, por\u00e9m, n\u00e3o deve ocorrer de forma uniforme. O reajuste depender\u00e1 de cada parceira respons\u00e1vel pela fabrica\u00e7\u00e3o e distribui\u00e7\u00e3o das placas \u2014 como ASUS, MSI e Gigabyte \u2014, que podem definir margens pr\u00f3prias conforme seu estoque e acordos regionais. Algumas delas, inclusive, j\u00e1 come\u00e7aram a elevar discretamente os pre\u00e7os neste m\u00eas.<\/p>\n<p class=\"my-2 [&amp;+p]:mt-4 [&amp;_strong:has(+br)]:inline-block [&amp;_strong:has(+br)]:pb-2\">Especialistas do setor avaliam que o ciclo de estabilidade vivido em 2025 pode ter chegado ao fim. Com a valoriza\u00e7\u00e3o dos componentes e a press\u00e3o da cadeia produtiva, montar ou atualizar um computador de alto desempenho pode ficar mais caro em 2026.<\/p>\n","protected":false},"excerpt":{"rendered":"As fabricantes AMD e NVIDIA podem aumentar os pre\u00e7os de suas placas de v\u00eddeo j\u00e1 a partir de&hellip;\n","protected":false},"author":2,"featured_media":206693,"comment_status":"","ping_status":"","sticky":false,"template":"","format":"standard","meta":{"footnotes":""},"categories":[84],"tags":[109,107,108,32,33,105,103,104,106,110],"class_list":{"0":"post-206692","1":"post","2":"type-post","3":"status-publish","4":"format-standard","5":"has-post-thumbnail","7":"category-ciencia-e-tecnologia","8":"tag-ciencia","9":"tag-ciencia-e-tecnologia","10":"tag-cienciaetecnologia","11":"tag-portugal","12":"tag-pt","13":"tag-science","14":"tag-science-and-technology","15":"tag-scienceandtechnology","16":"tag-technology","17":"tag-tecnologia"},"share_on_mastodon":{"url":"https:\/\/pubeurope.com\/@pt\/115804106044887472","error":""},"_links":{"self":[{"href":"https:\/\/www.europesays.com\/pt\/wp-json\/wp\/v2\/posts\/206692","targetHints":{"allow":["GET"]}}],"collection":[{"href":"https:\/\/www.europesays.com\/pt\/wp-json\/wp\/v2\/posts"}],"about":[{"href":"https:\/\/www.europesays.com\/pt\/wp-json\/wp\/v2\/types\/post"}],"author":[{"embeddable":true,"href":"https:\/\/www.europesays.com\/pt\/wp-json\/wp\/v2\/users\/2"}],"replies":[{"embeddable":true,"href":"https:\/\/www.europesays.com\/pt\/wp-json\/wp\/v2\/comments?post=206692"}],"version-history":[{"count":0,"href":"https:\/\/www.europesays.com\/pt\/wp-json\/wp\/v2\/posts\/206692\/revisions"}],"wp:featuredmedia":[{"embeddable":true,"href":"https:\/\/www.europesays.com\/pt\/wp-json\/wp\/v2\/media\/206693"}],"wp:attachment":[{"href":"https:\/\/www.europesays.com\/pt\/wp-json\/wp\/v2\/media?parent=206692"}],"wp:term":[{"taxonomy":"category","embeddable":true,"href":"https:\/\/www.europesays.com\/pt\/wp-json\/wp\/v2\/categories?post=206692"},{"taxonomy":"post_tag","embeddable":true,"href":"https:\/\/www.europesays.com\/pt\/wp-json\/wp\/v2\/tags?post=206692"}],"curies":[{"name":"wp","href":"https:\/\/api.w.org\/{rel}","templated":true}]}}