{"id":206694,"date":"2025-12-29T17:46:07","date_gmt":"2025-12-29T17:46:07","guid":{"rendered":"https:\/\/www.europesays.com\/pt\/206694\/"},"modified":"2025-12-29T17:46:07","modified_gmt":"2025-12-29T17:46:07","slug":"o-super-rico-que-expoe-as-desigualdades-entre-bilionarios","status":"publish","type":"post","link":"https:\/\/www.europesays.com\/pt\/206694\/","title":{"rendered":"O super rico que exp\u00f5e as desigualdades entre bilion\u00e1rios"},"content":{"rendered":"<p>        O ano de 2025 espelha bem as desigualdades que existem mesmo no mundo dos super ricos. Elon Musk viu num ano a sua fortuna subir 333,2 mil milh\u00f5es de d\u00f3lares para os 754,4 mil milh\u00f5es de d\u00f3lares. Isto \u00e9 mais dinheiro do que acumula o segundo mais rico do mundo e mais do que o Top10, onde Elon Musk est\u00e1 inclu\u00eddo, conseguiu ganhar em 2025.    <\/p>\n<p>2025 foi um ano estrondoso para Elon Musk. N\u00e3o por continuar a ser o mais rico do mundo mas sim na fortuna com conseguiu acumular durante este ano. Nesse per\u00edodo temporal conseguiu enriquecer em mais 333,2 mil milh\u00f5es de d\u00f3lares (282,6 mil milh\u00f5es de euros \u00e0 taxa de c\u00e2mbio atual), de acordo com o ranking da <a href=\"https:\/\/www.forbes.com\/sites\/sofiachierchio\/2025\/12\/23\/these-10-billionaires-got-730-billion-richer-in-2025\/\" target=\"_blank\" rel=\"noopener nofollow\">Forbes<\/a>. Se o n\u00famero \u00e9 impressionante ele n\u00e3o traduz a fa\u00e7anha alcan\u00e7ada por Elon Musk em 12 meses.<\/p>\n<p>Os 333,2 mil milh\u00f5es de d\u00f3lares (282,6 mil milh\u00f5es de euros) que Elon Musk conseguiu em 2025 s\u00e3o mais do que a fortuna do segundo mais rico do mundo. Trata-se do co-fundador da Google, Larry Page, que tem uma fortuna avaliada em 254,7 mil milh\u00f5es de d\u00f3lares (216 mil milh\u00f5es de euros), pelas contas da Forbes.<\/p>\n<p>Elon Musk num ano conseguiu bater outras fasquias. O l\u00edder da Tesla (ve\u00edculos el\u00e9tricos) e da SpaceX (foguet\u00f5es e sat\u00e9lites) foi <a href=\"https:\/\/jornaleconomico.sapo.pt\/noticias\/elon-musk-e-o-primeiro-a-ter-fortuna-de-600-mil-milhoes-com-valorizacao-da-spacex\/\" target=\"_blank\" rel=\"noopener nofollow\">o primeiro na hist\u00f3ria a ver a sua fortuna ultrapassar os 500 mil milh\u00f5es de d\u00f3lares (424 mil milh\u00f5es de euros), os 600 mil milh\u00f5es de d\u00f3lares<\/a> (508,8 mil milh\u00f5es de euros), e os <a href=\"https:\/\/jornaleconomico.sapo.pt\/noticias\/elon-musk-e-o-primeiro-a-ter-fortuna-acima-dos-700-mil-milhoes-de-dolares\/\" target=\"_blank\" rel=\"noopener nofollow\">700 mil milh\u00f5es de d\u00f3lares<\/a> (593,6 mil milh\u00f5es de euros).<\/p>\n<p>Mas mesmo isso n\u00e3o \u00e9 suficiente para mostrar o qu\u00e3o extraordin\u00e1rio esse feito \u00e9. Na hist\u00f3ria somente uma pessoa, para al\u00e9m de Elon Musk, conseguiu ter uma fortuna superior a 400 mil milh\u00f5es de d\u00f3lares (339,2 mil milh\u00f5es de euros). Foi Larry Ellison, co-fundador da Oracle. Isso permitiu a <a href=\"https:\/\/jornaleconomico.sapo.pt\/noticias\/larry-ellison-supera-musk-como-pessoa-mais-rica-do-mundo-em-lista-da-bloomberg\/\" target=\"_blank\" rel=\"noopener nofollow\">Larry Ellison tornar-se momentaneamente, em setembro, o homem mais rico do mundo<\/a>, ultrapassando Elon Musk. O feito foi alcan\u00e7ado devido ao disparo superior em 30% que a Oracle teve, em bolsa, a 17 de setembro, elevando a fortuna de Ellison para os 400,9 mil milh\u00f5es de d\u00f3lares (340 mil milh\u00f5es de euros). Contudo durante o decorrer do ano a tecnol\u00f3gica perdeu todos esses ganhos o que acabou por reduzir a riqueza de Larry Ellison para os 250,3 mil milh\u00f5es de d\u00f3lares (212,2 mil milh\u00f5es de euros).<\/p>\n<p>E ainda h\u00e1 mais outro facto assinal\u00e1vel naquilo que Elon Musk conseguiu alcan\u00e7ar em 2025. O top 10 mundial dos que mais enriqueceram, em 2025, atingiu os 729,2 mil milh\u00f5es de d\u00f3lares (618,4 mil milh\u00f5es de euros), de acordo com a Forbes. Mesmo sim n\u00e3o \u00e9 suficiente para chegar \u00e0 fortuna de Elon Musk, que est\u00e1 avaliada em 754,4 mil milh\u00f5es de d\u00f3lares (639,8 mil milh\u00f5es de euros).<\/p>\n<p>A valoriza\u00e7\u00e3o da fortuna de Elon Musk, em 2025, deveu-se a v\u00e1rios factores. Um dos quais esteve na subida da avalia\u00e7\u00e3o da SpaceX para os 800 mil milh\u00f5es de d\u00f3lares (687 mil milh\u00f5es de euros), que a tornou a empresa n\u00e3o cotada mais valiosa do mundo, em dezembro, e tamb\u00e9m pela decis\u00e3o a 19 de dezembro de um <a href=\"https:\/\/jornaleconomico.sapo.pt\/noticias\/elon-musk-e-o-primeiro-a-ter-fortuna-de-600-mil-milhoes-com-valorizacao-da-spacex\/\" target=\"_blank\" rel=\"noopener nofollow\">Tribunal do Delaware que restabeleceu a Elon Musk op\u00e7\u00f5es de a\u00e7\u00f5es da Tesla<\/a> no valor de 139 mil milh\u00f5es de d\u00f3lares (118 mil milh\u00f5es de euros), que tinham sido anuladas no ano passado.<\/p>\n<p>Quatro dias depois, a 19 de dezembro Elon Musk viu a sua fortuna aumentar para os 749 mil milh\u00f5es de d\u00f3lares (639 mil milh\u00f5es de euros) devido ao <a href=\"https:\/\/jornaleconomico.sapo.pt\/noticias\/elon-musk-e-o-primeiro-a-ter-fortuna-de-600-mil-milhoes-com-valorizacao-da-spacex\/\" target=\"_blank\" rel=\"noopener nofollow\">Tribunal do Delaware ter restabelecido op\u00e7\u00f5es de a\u00e7\u00f5es da empresa de ve\u00edculos el\u00e9tricos, Tesla<\/a> no valor de 139 mil milh\u00f5es de d\u00f3lares (118 mil milh\u00f5es de euros), que tinham sido anuladas no ano passado, de acordo com ranking da Forbes.<\/p>\n<p>O Top 10 dos que mais enriqueceram em 2025, da Forbes, inclui:<\/p>\n<tr style=\"height: 24px;\">\n<td style=\"width: 33.3333%; height: 24px;\">Nome<\/td>\n<td style=\"width: 33.3333%; height: 24px;\">Valor da Fortuna (em mil milh\u00f5es de d\u00f3lares e euros)<\/td>\n<td style=\"width: 33.3333%; height: 24px;\">Ganho em 2025 (em mil milh\u00f5es de d\u00f3lares e euros)<\/td>\n<\/tr>\n<tr style=\"height: 24px;\">\n<td>Elon Musk (Tesla e SpaceX)<\/td>\n<td>754.4 (639,8)<\/td>\n<td>+333.2 (+282,6)<\/td>\n<\/tr>\n<tr style=\"height: 24px;\">\n<td>Larry Page (co-fundador Google)<\/td>\n<td>254.7 (216)<\/td>\n<td>+98.7 (+83,7)<\/td>\n<\/tr>\n<tr style=\"height: 24px;\">\n<td>Sergey Brin (co-fundador Google)<\/td>\n<td>235.1 (199,4)<\/td>\n<td>+86.1 (+73)<\/td>\n<\/tr>\n<tr style=\"height: 24px;\">\n<td>Jensen Huang (Nvidia)<\/td>\n<td>159.5 (135,2)<\/td>\n<td>+42.3 (+35,8)<\/td>\n<\/tr>\n<tr style=\"height: 24px;\">\n<td>Larry Ellison (Oracle)<\/td>\n<td>250.3\u00a0 (212,2)<\/td>\n<td>+40.6 (+34,4)<\/td>\n<\/tr>\n<tr style=\"height: 24px;\">\n<td>Amancio Ortega (dono da Zara)<\/td>\n<td>250.3 (212,2)<\/td>\n<td>+28.7 (+24,3)<\/td>\n<\/tr>\n<tr style=\"height: 24px;\">\n<td>Germ\u00e1n Larrea Mota Velasco &amp; family<\/td>\n<td>51.4 (43,5)<\/td>\n<td>+25.6 (+21,7)<\/td>\n<\/tr>\n<tr style=\"height: 24px;\">\n<td>Masayoshi Son (fundador\u00a0 do SoftBank)<\/td>\n<td>56.1\u00a0 (47,5)<\/td>\n<td>+25.4 (+21,5)<\/td>\n<\/tr>\n<tr style=\"height: 24px;\">\n<td>Mark Zuckerberg (Meta)<\/td>\n<td>226.8 (192,3)<\/td>\n<td>+24.3 (+20,6)<\/td>\n<\/tr>\n<tr>\n<td>Carlos Slim Hel\u00fa (setor das telecomunica\u00e7\u00f5es)<\/p>\n<p>\u00a0<\/p>\n<\/td>\n<td>101.6 (86,1)<\/td>\n<td>+24.3 (+20,6)<\/td>\n<\/tr>\n<p>\u00a0<\/p>\n","protected":false},"excerpt":{"rendered":"O ano de 2025 espelha bem as desigualdades que existem mesmo no mundo dos super ricos. Elon Musk&hellip;\n","protected":false},"author":2,"featured_media":206695,"comment_status":"","ping_status":"","sticky":false,"template":"","format":"standard","meta":{"footnotes":""},"categories":[83],"tags":[25476,88,89,584,90,20460,32,33,40733],"class_list":{"0":"post-206694","1":"post","2":"type-post","3":"status-publish","4":"format-standard","5":"has-post-thumbnail","7":"category-empresas","8":"tag-bilionarios","9":"tag-business","10":"tag-economy","11":"tag-elon-musk","12":"tag-empresas","13":"tag-fortuna","14":"tag-portugal","15":"tag-pt","16":"tag-ricos"},"share_on_mastodon":{"url":"https:\/\/pubeurope.com\/@pt\/115804109851146947","error":""},"_links":{"self":[{"href":"https:\/\/www.europesays.com\/pt\/wp-json\/wp\/v2\/posts\/206694","targetHints":{"allow":["GET"]}}],"collection":[{"href":"https:\/\/www.europesays.com\/pt\/wp-json\/wp\/v2\/posts"}],"about":[{"href":"https:\/\/www.europesays.com\/pt\/wp-json\/wp\/v2\/types\/post"}],"author":[{"embeddable":true,"href":"https:\/\/www.europesays.com\/pt\/wp-json\/wp\/v2\/users\/2"}],"replies":[{"embeddable":true,"href":"https:\/\/www.europesays.com\/pt\/wp-json\/wp\/v2\/comments?post=206694"}],"version-history":[{"count":0,"href":"https:\/\/www.europesays.com\/pt\/wp-json\/wp\/v2\/posts\/206694\/revisions"}],"wp:featuredmedia":[{"embeddable":true,"href":"https:\/\/www.europesays.com\/pt\/wp-json\/wp\/v2\/media\/206695"}],"wp:attachment":[{"href":"https:\/\/www.europesays.com\/pt\/wp-json\/wp\/v2\/media?parent=206694"}],"wp:term":[{"taxonomy":"category","embeddable":true,"href":"https:\/\/www.europesays.com\/pt\/wp-json\/wp\/v2\/categories?post=206694"},{"taxonomy":"post_tag","embeddable":true,"href":"https:\/\/www.europesays.com\/pt\/wp-json\/wp\/v2\/tags?post=206694"}],"curies":[{"name":"wp","href":"https:\/\/api.w.org\/{rel}","templated":true}]}}