{"id":206698,"date":"2025-12-29T17:48:13","date_gmt":"2025-12-29T17:48:13","guid":{"rendered":"https:\/\/www.europesays.com\/pt\/206698\/"},"modified":"2025-12-29T17:48:13","modified_gmt":"2025-12-29T17:48:13","slug":"procure-o-seu-signo-aqui","status":"publish","type":"post","link":"https:\/\/www.europesays.com\/pt\/206698\/","title":{"rendered":"procure o seu signo aqui"},"content":{"rendered":"<p>            CARNEIRO<\/p>\n<p>Este ser\u00e1 um bom momento para desenvolver formas de comunica\u00e7\u00e3o, para aprofundar conhecimentos e para viajar. Se tiver um assunto legal ou familiar para resolver esta ser\u00e1 uma altura favor\u00e1vel. \u00c9 \u00f3timo para organizar e planear as suas atividades em todas as \u00e1reas.<\/p>\n<p>\u00a0<\/p>\n<p>TOURO<\/p>\n<p>Esta \u00e9 uma \u00e9poca em que se sentir\u00e1 estimulado intelectualmente. Contacte com a maior diversidade de pessoas poss\u00edvel. Tire o m\u00e1ximo partido da vida, aproveitando n\u00e3o s\u00f3 o lado recreativo como tamb\u00e9m o cultural. Se tiver familiares no estrangeiro visite-os. Este \u00e9 um per\u00edodo de abertura ao Mundo, parta \u00e0 aventura.<\/p>\n<p>\u00a0<\/p>\n<p>G\u00c9MEOS<\/p>\n<p>Durante esta fase estar\u00e1 menos virado para si e prestar\u00e1 maior aten\u00e7\u00e3o ao que se passa com os outros. \u00c9 uma altura em que todas as suas rela\u00e7\u00f5es podem ser influenciadas, dependendo da sua atitude ao agir de modo positivo ou negativo. Utilize as boas energias de que disp\u00f5e para desenvolver um relacionamento sem conflitos.<\/p>\n<p>\u00a0<\/p>\n<p>CARANGUEJO<\/p>\n<p>Esta \u00e9 a fase do amor e da comunh\u00e3o de sentimentos. Se tiver algu\u00e9m de quem goste, aproveite para lhe expressar os seus afetos. Os relacionamentos pessoais e as associa\u00e7\u00f5es profissionais surgir\u00e3o naturalmente, pois a sua capacidade de compreens\u00e3o e respeito pelos outros \u00e9 grande, alcan\u00e7ando a paz e harmonia desejada.<\/p>\n<p>\u00a0<\/p>\n<p>LE\u00c3O<\/p>\n<p>Durante esta fase estar\u00e1 com um estado de esp\u00edrito apaixonado e idealista em que considerar\u00e1 mais ativa qualquer atividade tirando um prazer quase infantil das situa\u00e7\u00f5es que pode provocar. Por\u00e9m, lembre-se de que nem todos poder\u00e3o estar recetivos. Evite provocar melindres em algu\u00e9m menos disposto a entrar no seu jogo.<\/p>\n<p>\u00a0<br \/>\nVIRGEM<\/p>\n<p>Com V\u00e9nus a transitar pela Casa V vai permitir soltar o seu lado mais criativo. Nesta fase vai-se virar para o mundo das artes. Caso n\u00e3o seja esta a sua voca\u00e7\u00e3o, n\u00e3o desanime, pois, ir\u00e1 estar com algu\u00e9m que lhe passar\u00e1 essa experi\u00eancia. Neste momento haver\u00e1 uma grande sintonia e harmonia na sua rela\u00e7\u00e3o com crian\u00e7as.<\/p>\n<p>\u00a0<\/p>\n<p>BALAN\u00c7A<\/p>\n<p>Poder\u00e1 sentir nesta altura que a sua aten\u00e7\u00e3o est\u00e1 mais voltada para a sua vida pessoal, \u00edntima e familiar. Aproveite este per\u00edodo para fazer uma autoan\u00e1lise (ou mesmo psican\u00e1lise) e para descansar mais. \u00c9 uma boa altura para afastar fantasmas do passado que o perturbam. Ver\u00e1 que se vai sentir bem mais aliviado.<\/p>\n<p>\u00a0<\/p>\n<p>\u00a0<br \/>\nESCORPI\u00c3O<\/p>\n<p>Est\u00e1 num per\u00edodo em que sente necessidade da rea\u00e7\u00e3o dos outros e de comunicar. H\u00e1 maior facilidade para contactos e neg\u00f3cios. Este momento \u00e9 bom para ver tudo mais claro e esclarecer qualquer situa\u00e7\u00e3o. Sente vontade de quebrar a rotina di\u00e1ria e de se movimentar. Poder\u00e1 fazer desloca\u00e7\u00f5es de trabalho ou f\u00e9rias.<\/p>\n<p>\u00a0<\/p>\n<p>SAGIT\u00c1RIO<\/p>\n<p>Neste momento \u00e9 voc\u00ea o centro da sua vida e n\u00e3o aceita que ningu\u00e9m lhe diga o que deve ou n\u00e3o fazer. Poder\u00e1 at\u00e9 agir com brusquid\u00e3o se lhe tentarem impor muitas restri\u00e7\u00f5es ou limites. N\u00e3o obstante, \u00e9 poss\u00edvel que se apaixone subitamente por algu\u00e9m ou simplesmente acentue uma rela\u00e7\u00e3o que vem do passado.<\/p>\n<p>\u00a0<\/p>\n<p>CAPRIC\u00d3RNIO<\/p>\n<p>Durante esta fase poder\u00e1 tender para fugir \u00e0s suas responsabilidades. A tentativa de esconder uma situa\u00e7\u00e3o ou um segredo podem levar a uma perda de confian\u00e7a e a coment\u00e1rios menos favor\u00e1veis em rela\u00e7\u00e3o a si. Procure ser honesto consigo pr\u00f3prio e depois com os outros e ver\u00e1 que se sentir\u00e1 mais apoiado.<\/p>\n<p>\u00a0<\/p>\n<p>AQU\u00c1RIO<\/p>\n<p>Ao longo deste per\u00edodo vai sentir uma grande necessidade de ajudar os outros, de se envolver em causas humanit\u00e1rias. Poder\u00e1 tamb\u00e9m oferecer-se para tratar de algum familiar doente pelo simples prazer de poder ser \u00fatil e ajudar. O seu esp\u00edrito humanitarista poder\u00e1 induzir algumas decis\u00f5es precipitadas que dever\u00e1 evitar.<\/p>\n<p>\u00a0<\/p>\n<p>PEIXE<\/p>\n<p>O sucesso no campo profissional est\u00e1 a bater-lhe \u00e0 porta; esta \u00e9, pois, uma excelente altura para concretizar planos e tomar iniciativas. Procure adotar uma postura de esp\u00edrito de equipa, consentindo a ajuda de terceiros, de modo a evitar problemas que mais tarde o impe\u00e7am de se realizar individualmente.<\/p>\n","protected":false},"excerpt":{"rendered":"CARNEIRO Este ser\u00e1 um bom momento para desenvolver formas de comunica\u00e7\u00e3o, para aprofundar conhecimentos e para viajar. Se&hellip;\n","protected":false},"author":2,"featured_media":206699,"comment_status":"","ping_status":"","sticky":false,"template":"","format":"standard","meta":{"footnotes":""},"categories":[10],"tags":[27,28,15,16,14,25,26,21,22,12,13,19,20,32,23,24,33,17,18,29,30,31],"class_list":{"0":"post-206698","1":"post","2":"type-post","3":"status-publish","4":"format-standard","5":"has-post-thumbnail","7":"category-portugal","8":"tag-breaking-news","9":"tag-breakingnews","10":"tag-featured-news","11":"tag-featurednews","12":"tag-headlines","13":"tag-latest-news","14":"tag-latestnews","15":"tag-main-news","16":"tag-mainnews","17":"tag-news","18":"tag-noticias","19":"tag-noticias-principais","20":"tag-noticiasprincipais","21":"tag-portugal","22":"tag-principais-noticias","23":"tag-principaisnoticias","24":"tag-pt","25":"tag-top-stories","26":"tag-topstories","27":"tag-ultimas","28":"tag-ultimas-noticias","29":"tag-ultimasnoticias"},"share_on_mastodon":{"url":"https:\/\/pubeurope.com\/@pt\/115804117651891741","error":""},"_links":{"self":[{"href":"https:\/\/www.europesays.com\/pt\/wp-json\/wp\/v2\/posts\/206698","targetHints":{"allow":["GET"]}}],"collection":[{"href":"https:\/\/www.europesays.com\/pt\/wp-json\/wp\/v2\/posts"}],"about":[{"href":"https:\/\/www.europesays.com\/pt\/wp-json\/wp\/v2\/types\/post"}],"author":[{"embeddable":true,"href":"https:\/\/www.europesays.com\/pt\/wp-json\/wp\/v2\/users\/2"}],"replies":[{"embeddable":true,"href":"https:\/\/www.europesays.com\/pt\/wp-json\/wp\/v2\/comments?post=206698"}],"version-history":[{"count":0,"href":"https:\/\/www.europesays.com\/pt\/wp-json\/wp\/v2\/posts\/206698\/revisions"}],"wp:featuredmedia":[{"embeddable":true,"href":"https:\/\/www.europesays.com\/pt\/wp-json\/wp\/v2\/media\/206699"}],"wp:attachment":[{"href":"https:\/\/www.europesays.com\/pt\/wp-json\/wp\/v2\/media?parent=206698"}],"wp:term":[{"taxonomy":"category","embeddable":true,"href":"https:\/\/www.europesays.com\/pt\/wp-json\/wp\/v2\/categories?post=206698"},{"taxonomy":"post_tag","embeddable":true,"href":"https:\/\/www.europesays.com\/pt\/wp-json\/wp\/v2\/tags?post=206698"}],"curies":[{"name":"wp","href":"https:\/\/api.w.org\/{rel}","templated":true}]}}