{"id":206713,"date":"2025-12-29T17:58:26","date_gmt":"2025-12-29T17:58:26","guid":{"rendered":"https:\/\/www.europesays.com\/pt\/206713\/"},"modified":"2025-12-29T17:58:26","modified_gmt":"2025-12-29T17:58:26","slug":"zanga-continua-apos-expulsao-leandro-vira-costas-a-pedro-e-faz-revelacao-chocante-secret-story","status":"publish","type":"post","link":"https:\/\/www.europesays.com\/pt\/206713\/","title":{"rendered":"Zanga continua ap\u00f3s expuls\u00e3o. Leandro vira costas a Pedro e faz revela\u00e7\u00e3o chocante &#8211; Secret Story"},"content":{"rendered":"<p data-end=\"500\" data-start=\"225\">A casa do Segredos 9 viveu mais um momento marcante na noite da semifinal.<a href=\"https:\/\/tvi.iol.pt\/secretstory\/leandro\/29-12-2025\/o-inesperado-aconteceu-leandro-foi-expulso-pelos-portugueses-a-3-dias-da-final\" rel=\"nofollow noopener\" target=\"_blank\"> Leandro foi o concorrente expulso da gala<\/a>, ficando assim fora da grande final do reality show da TVI. Com a sua sa\u00edda, ficaram oficialmente <a href=\"https:\/\/tvi.iol.pt\/secretstory\/leandro\/ines\/quem-chegou-a-meta-estes-sao-os-quatro-finalistas-do-secret-story-9\" rel=\"nofollow noopener\" target=\"_blank\">apurados para a final In\u00eas, Liliana, Pedro Jorge e Marisa.<\/a><\/p>\n<p data-end=\"812\" data-start=\"502\">J\u00e1 em est\u00fadio, e ap\u00f3s o fim da gala, <strong>Leandro <\/strong><a href=\"https:\/\/www.instagram.com\/p\/DS1BT1UiO0G\/?utm_source=ig_embed&amp;utm_campaign=embed_video_watch_again\" rel=\"nofollow noopener\" target=\"_blank\">prestou declara\u00e7\u00f5es exclusivas <\/a>em conversa com a rep\u00f3rter digital da TVI,\u00a0onde fez um balan\u00e7o intenso e sem filtros da sua participa\u00e7\u00e3o no programa. O agora ex-concorrente n\u00e3o escondeu a desilus\u00e3o por n\u00e3o ter chegado \u00e0 final, afirmando que se considera <strong>\u00abum bom jogador\u00bb<\/strong> e que <strong>\u00abmerecia estar na final\u00bb<\/strong>.<\/p>\n<p data-end=\"1161\" data-start=\"814\">Apesar disso, mostrou-se visivelmente aliviado por abandonar aquilo que descreveu como um ambiente t\u00f3xico, marcado pela gan\u00e2ncia. <strong>\u00abAquelas pessoas s\u00e3o capazes de fazer tudo por 250 mil euros, e eu, para mim, os meus valores valem muito mais\u00bb<\/strong>, atirou, numa cr\u00edtica direta \u00e0s atitudes de Pedro Jorge e Marisa, especialmente na \u00faltima semana do jogo.<\/p>\n<p data-end=\"1564\" data-start=\"1163\">Questionado pela rep\u00f3rter digital <strong>Rita Vassalo<\/strong> sobre a possibilidade de manter, fora da casa, a amizade que em tempos criou com o casal, Leandro foi claro e n\u00e3o deixou margem para d\u00favidas. <strong>\u00abTenho as minhas d\u00favidas em rela\u00e7\u00e3o \u00e0 amizade\u2026 com o Pedro principalmente. Jogo ou n\u00e3o, dirigiu-me muitas palavras que amigos meus n\u00e3o me dirigem\u00bb<\/strong>, afirmou, deixando evidente o distanciamento que pretende manter.<\/p>\n<p data-end=\"1813\" data-start=\"1566\">Mas as revela\u00e7\u00f5es n\u00e3o ficaram por aqui. Para surpresa de muitos, Leandro revelou quem considera ser o justo vencedor desta edi\u00e7\u00e3o do Secretos 9. Sem hesitar, apontou o nome de <strong>Liliana<\/strong>, destacando o seu percurso e a forma como se manteve no jogo.<\/p>\n<p data-end=\"2021\" data-is-last-node=\"\" data-is-only-node=\"\" data-start=\"1815\">A grande final aproxima-se e, com ela, cresce tamb\u00e9m a expectativa em torno de quem levar\u00e1 para casa o pr\u00e9mio de 250 mil euros, numa edi\u00e7\u00e3o marcada por conflitos, alian\u00e7as fr\u00e1geis e emo\u00e7\u00f5es \u00e0 flor da pele.<\/p>\n<p>\u00a0<\/p>\n<blockquote class=\"instagram-media\" data-instgrm-captioned=\"\" data-instgrm-permalink=\"https:\/\/www.instagram.com\/reel\/DS1BT1UiO0G\/?utm_source=ig_embed&amp;utm_campaign=loading\" data-instgrm-version=\"14\" style=\" background:#FFF; border:0; border-radius:3px; box-shadow:0 0 1px 0 rgba(0,0,0,0.5),0 1px 10px 0 rgba(0,0,0,0.15); margin: 1px; max-width:540px; min-width:326px; padding:0; width:99.375%; width:-webkit-calc(100% - 2px); width:calc(100% - 2px);\">\n<\/blockquote>\n<p>                        <script async src=\"\/\/www.instagram.com\/embed.js\"><\/script><\/p>\n","protected":false},"excerpt":{"rendered":"A casa do Segredos 9 viveu mais um momento marcante na noite da semifinal. Leandro foi o concorrente&hellip;\n","protected":false},"author":2,"featured_media":206714,"comment_status":"","ping_status":"","sticky":false,"template":"","format":"standard","meta":{"footnotes":""},"categories":[85],"tags":[18706,114,115,18705,12397,32,33,18704],"class_list":{"0":"post-206713","1":"post","2":"type-post","3":"status-publish","4":"format-standard","5":"has-post-thumbnail","7":"category-entretenimento","8":"tag-bastidores-secret-story","9":"tag-entertainment","10":"tag-entretenimento","11":"tag-entrevistas-concorrentes-tvi","12":"tag-leandro","13":"tag-portugal","14":"tag-pt","15":"tag-vida-fora-da-casa"},"share_on_mastodon":{"url":"https:\/\/pubeurope.com\/@pt\/115804157457185836","error":""},"_links":{"self":[{"href":"https:\/\/www.europesays.com\/pt\/wp-json\/wp\/v2\/posts\/206713","targetHints":{"allow":["GET"]}}],"collection":[{"href":"https:\/\/www.europesays.com\/pt\/wp-json\/wp\/v2\/posts"}],"about":[{"href":"https:\/\/www.europesays.com\/pt\/wp-json\/wp\/v2\/types\/post"}],"author":[{"embeddable":true,"href":"https:\/\/www.europesays.com\/pt\/wp-json\/wp\/v2\/users\/2"}],"replies":[{"embeddable":true,"href":"https:\/\/www.europesays.com\/pt\/wp-json\/wp\/v2\/comments?post=206713"}],"version-history":[{"count":0,"href":"https:\/\/www.europesays.com\/pt\/wp-json\/wp\/v2\/posts\/206713\/revisions"}],"wp:featuredmedia":[{"embeddable":true,"href":"https:\/\/www.europesays.com\/pt\/wp-json\/wp\/v2\/media\/206714"}],"wp:attachment":[{"href":"https:\/\/www.europesays.com\/pt\/wp-json\/wp\/v2\/media?parent=206713"}],"wp:term":[{"taxonomy":"category","embeddable":true,"href":"https:\/\/www.europesays.com\/pt\/wp-json\/wp\/v2\/categories?post=206713"},{"taxonomy":"post_tag","embeddable":true,"href":"https:\/\/www.europesays.com\/pt\/wp-json\/wp\/v2\/tags?post=206713"}],"curies":[{"name":"wp","href":"https:\/\/api.w.org\/{rel}","templated":true}]}}