{"id":206719,"date":"2025-12-29T18:01:14","date_gmt":"2025-12-29T18:01:14","guid":{"rendered":"https:\/\/www.europesays.com\/pt\/206719\/"},"modified":"2025-12-29T18:01:14","modified_gmt":"2025-12-29T18:01:14","slug":"vasa-o-navio-menos-bem-sucedido-da-historia-nao-foi-o-titanic","status":"publish","type":"post","link":"https:\/\/www.europesays.com\/pt\/206719\/","title":{"rendered":"Vasa: o navio menos bem sucedido da hist\u00f3ria n\u00e3o foi o Titanic"},"content":{"rendered":"<p class=\"wp-caption-text top\"><a href=\"https:\/\/commons.wikimedia.org\/wiki\/Vasa\" rel=\"nofollow external noopener noreferrer\" data-wpel-link=\"external\" target=\"_blank\" class=\"ext-link\">Wikimedia Commons<\/a><\/p>\n<p><img decoding=\"async\" loading=\"lazy\" class=\"wp-image-719123 size-kopa-image-size-3\" src=\"https:\/\/www.europesays.com\/pt\/wp-content\/uploads\/2025\/12\/376025455fb45ded371d81855ecd0250-783x450.jpg\" alt=\"\" width=\"700\" height=\"402\"  \/><\/p>\n<p class=\"wp-caption-text bot\">Vasa<\/p>\n<p><strong>A nau sueca Vasa \u00e9 um dos, sen\u00e3o o maior fiasco da hist\u00f3ria naval. Afundou-se poucos minutos depois de iniciar a sua viagem inaugural, a 10 de agosto de 1628, em Estocolmo. Mas o que aconteceu?<\/strong><\/p>\n<p>Considerada uma das embarca\u00e7\u00f5es mais caras do seu tempo e pensada para ser o orgulho da frota sueca, a <strong>Vasa<\/strong> <strong>n\u00e3o chegou sequer a sair do porto<\/strong>: bastou uma rajada de vento para a fazer adornar e meter \u00e1gua.<\/p>\n<p>A embarca\u00e7\u00e3o largou amarras ao fim da tarde, em condi\u00e7\u00f5es aparentemente calmas. Quando passava pela zona de Tegelviken, uma s\u00fabita lufada encheu as velas e inclinou o navio, lembra o <a href=\"https:\/\/www.iflscience.com\/what-happened-to-the-vasa-arguably-the-least-successful-ship-in-history-82028\" data-wpel-link=\"external\" target=\"_blank\" rel=\"nofollow external noopener noreferrer\" class=\"ext-link\">IFL Science<\/a>.<\/p>\n<p>A inclina\u00e7\u00e3o n\u00e3o teria sido, por si s\u00f3, extraordin\u00e1ria, mas revelou-se fatal porque a \u00e1gua come\u00e7ou a entrar em grande quantidade pelos portal\u00f3s de artilharia do conv\u00e9s inferior, que estavam abertos.<\/p>\n<p>O comandante ordenou que fossem fechados, mas j\u00e1 era tarde: a Vasa perdia estabilidade rapidamente e <strong>afundou-se a menos de uma milha n\u00e1utica<\/strong> do ponto de partida, ficando no fundo a cerca de 32 metros de profundidade.<\/p>\n<p>Estima-se que estivessem <strong>a bordo cerca de 150 pessoas e que 30 tenham morrido<\/strong>, muitas delas presas no interior.<\/p>\n<p>A pergunta \u00e9: por que raz\u00e3o afundou t\u00e3o depressa?<\/p>\n<p>A resposta est\u00e1 sobretudo na engenharia. No s\u00e9culo XVII n\u00e3o existiam os m\u00e9todos de c\u00e1lculo hoje usados para prever a estabilidade de grandes navios.<\/p>\n<p>A explica\u00e7\u00e3o mais consensual \u00e9 a de um desequil\u00edbrio estrutural: um casco relativamente pequeno abaixo da linha de \u00e1gua para suportar o peso do que estava acima, resultando num <strong>centro de gravidade demasiado elevado<\/strong>.<\/p>\n<p>Isso tornava a Vasa r\u00e1pida, mas vulner\u00e1vel at\u00e9 a ventos leves. O risco foi agravado pelo facto de a embarca\u00e7\u00e3o ter iniciado a navega\u00e7\u00e3o com os portal\u00f3s abertos.<\/p>\n<p>A Vasa permaneceu <strong>submersa durante mais de tr\u00eas s\u00e9culos<\/strong>. Foi redescoberta em 1956 pelo engenheiro naval <strong>Anders Franz\u00e9n<\/strong> e, ap\u00f3s uma opera\u00e7\u00e3o complexa de salvamento, foi finalmente i\u00e7ada em 1961, 333 anos depois do naufr\u00e1gio.<\/p>\n<p>Houve espa\u00e7o para ideias invulgares, como encher o casco com bolas de pingue-pongue mas a solu\u00e7\u00e3o passou por jatos de \u00e1gua de alta press\u00e3o, cabos de a\u00e7o e pont\u00f5es, num processo que levou anos.<\/p>\n<p>A \u00e1gua fria ajudou a preservar o navio de forma excecional. <strong>No interior foram encontrados restos humanos de pelo menos 17 pessoas e mais de 40 mil objetos, de canh\u00f5es a moedas.<\/strong><\/p>\n<p>Hoje, a Vasa pode ser vista no Vasa Museum, em Estocolmo, um caso praticamente \u00fanico de um navio de guerra do s\u00e9culo XVII preservado.<\/p>\n<p>Ainda assim, os conservadores alertam para desafios que ainda persistem: a madeira ter\u00e1 perdido grande parte da sua resist\u00eancia desde a recupera\u00e7\u00e3o, mantendo-se uma corrida contra o tempo para garantir a sua sobreviv\u00eancia.<\/p>\n<p>    <a href=\"https:\/\/zap.aeiou.pt\/subscrever-newsletter\" data-wpel-link=\"internal\" rel=\"nofollow noopener\" target=\"_blank\">&#13;<br \/>\n        <img loading=\"lazy\" decoding=\"async\" class=\"aligncenter size-full wp-image-575475\" src=\"https:\/\/www.europesays.com\/pt\/wp-content\/uploads\/2025\/12\/1765389371_545_2d51fe4a0ba54894421ead1809309ed9-1-450x140.jpg\" alt=\"Subscreva a Newsletter ZAP\" width=\"450\" height=\"140\"\/>&#13;<br \/>\n    <\/a><\/p>\n<p>                <a href=\"https:\/\/whatsapp.com\/channel\/0029VaIC4EE2f3EJZPPSbR34\" data-wpel-link=\"external\" target=\"_blank\" rel=\"nofollow external noopener noreferrer\" class=\"ext-link\">&#13;<br \/>\n                    <img loading=\"lazy\" decoding=\"async\" class=\"aligncenter size-full wp-image-575475\" src=\"https:\/\/www.europesays.com\/pt\/wp-content\/uploads\/2025\/12\/1765389371_770_c68c559d956d4ca20f435ed74a6e71e6.png\" alt=\"Siga-nos no WhatsApp\" width=\"175\" height=\"64\"\/>&#13;<br \/>\n                <\/a><\/p>\n<p>                <a href=\"https:\/\/news.google.com\/publications\/CAAiEHRwZondIV71PDjWNoqMduEqFAgKIhB0cGaJ3SFe9Tw41jaKjHbh?hl=en-US&amp;gl=US&amp;ceid=US%3Aen\" data-wpel-link=\"external\" target=\"_blank\" rel=\"nofollow external noopener noreferrer\" class=\"ext-link\">&#13;<br \/>\n                    <img loading=\"lazy\" decoding=\"async\" class=\"aligncenter size-full wp-image-575475\" src=\"https:\/\/www.europesays.com\/pt\/wp-content\/uploads\/2025\/12\/1765389372_556_5123dd8b087b644fdb8f8603acd1bad4.png\" alt=\"Siga-nos no Google News\" width=\"176\" height=\"64\"\/>&#13;<br \/>\n                <\/a><\/p>\n","protected":false},"excerpt":{"rendered":"Wikimedia Commons Vasa A nau sueca Vasa \u00e9 um dos, sen\u00e3o o maior fiasco da hist\u00f3ria naval. Afundou-se&hellip;\n","protected":false},"author":2,"featured_media":206720,"comment_status":"","ping_status":"","sticky":false,"template":"","format":"standard","meta":{"footnotes":""},"categories":[50],"tags":[27,28,269,15,16,14,736,25,26,21,22,62,2758,12,13,19,20,23,24,5928,17,18,29,30,31,63,64,65],"class_list":{"0":"post-206719","1":"post","2":"type-post","3":"status-publish","4":"format-standard","5":"has-post-thumbnail","7":"category-mundo","8":"tag-breaking-news","9":"tag-breakingnews","10":"tag-capa","11":"tag-featured-news","12":"tag-featurednews","13":"tag-headlines","14":"tag-historia","15":"tag-latest-news","16":"tag-latestnews","17":"tag-main-news","18":"tag-mainnews","19":"tag-mundo","20":"tag-naufragio","21":"tag-news","22":"tag-noticias","23":"tag-noticias-principais","24":"tag-noticiasprincipais","25":"tag-principais-noticias","26":"tag-principaisnoticias","27":"tag-suecia","28":"tag-top-stories","29":"tag-topstories","30":"tag-ultimas","31":"tag-ultimas-noticias","32":"tag-ultimasnoticias","33":"tag-world","34":"tag-world-news","35":"tag-worldnews"},"share_on_mastodon":{"url":"https:\/\/pubeurope.com\/@pt\/115804168798812174","error":""},"_links":{"self":[{"href":"https:\/\/www.europesays.com\/pt\/wp-json\/wp\/v2\/posts\/206719","targetHints":{"allow":["GET"]}}],"collection":[{"href":"https:\/\/www.europesays.com\/pt\/wp-json\/wp\/v2\/posts"}],"about":[{"href":"https:\/\/www.europesays.com\/pt\/wp-json\/wp\/v2\/types\/post"}],"author":[{"embeddable":true,"href":"https:\/\/www.europesays.com\/pt\/wp-json\/wp\/v2\/users\/2"}],"replies":[{"embeddable":true,"href":"https:\/\/www.europesays.com\/pt\/wp-json\/wp\/v2\/comments?post=206719"}],"version-history":[{"count":0,"href":"https:\/\/www.europesays.com\/pt\/wp-json\/wp\/v2\/posts\/206719\/revisions"}],"wp:featuredmedia":[{"embeddable":true,"href":"https:\/\/www.europesays.com\/pt\/wp-json\/wp\/v2\/media\/206720"}],"wp:attachment":[{"href":"https:\/\/www.europesays.com\/pt\/wp-json\/wp\/v2\/media?parent=206719"}],"wp:term":[{"taxonomy":"category","embeddable":true,"href":"https:\/\/www.europesays.com\/pt\/wp-json\/wp\/v2\/categories?post=206719"},{"taxonomy":"post_tag","embeddable":true,"href":"https:\/\/www.europesays.com\/pt\/wp-json\/wp\/v2\/tags?post=206719"}],"curies":[{"name":"wp","href":"https:\/\/api.w.org\/{rel}","templated":true}]}}