{"id":206723,"date":"2025-12-29T18:03:07","date_gmt":"2025-12-29T18:03:07","guid":{"rendered":"https:\/\/www.europesays.com\/pt\/206723\/"},"modified":"2025-12-29T18:03:07","modified_gmt":"2025-12-29T18:03:07","slug":"atropelamento-mortal-no-rossio-interrompe-linha-verde","status":"publish","type":"post","link":"https:\/\/www.europesays.com\/pt\/206723\/","title":{"rendered":"Atropelamento Mortal no Rossio Interrompe Linha Verde"},"content":{"rendered":"<p>Uma pessoa morreu esta segunda-feira, 29 de dezembro, ap\u00f3s ser atropelada na esta\u00e7\u00e3o do metro do Rossio, em Lisboa.<\/p>\n<p>\u201cO alerta para o atropelamento ferrovi\u00e1rio da esta\u00e7\u00e3o do metro do Rossio foi dado \u00e0s 09:55. H\u00e1 uma v\u00edtima mortal e a linha Verde est\u00e1 interrompida no sentido sul-norte\u201d, indicou fonte do Regimento de Sapadores Bombeiros de Lisboa. Segundo informa\u00e7\u00e3o disponibilizada no site do Metro \u00e0s 12h15, a circula\u00e7\u00e3o encontrava-se interrompida entre as esta\u00e7\u00f5es Cais do Sodr\u00e9 e Alameda.\u00a0<\/p>\n<p>Entretanto, a circula\u00e7\u00e3o foi retomada na totalidade.<\/p>\n<p>O Metropolitano de Lisboa opera diariamente com quatro linhas: Amarela (Rato-Odivelas), Verde (Telheiras-Cais do Sodr\u00e9), Azul (Reboleira-Santa Apol\u00f3nia) e Vermelha (Aeroporto-S\u00e3o Sebasti\u00e3o).<\/p>\n","protected":false},"excerpt":{"rendered":"Uma pessoa morreu esta segunda-feira, 29 de dezembro, ap\u00f3s ser atropelada na esta\u00e7\u00e3o do metro do Rossio, em&hellip;\n","protected":false},"author":2,"featured_media":206724,"comment_status":"","ping_status":"","sticky":false,"template":"","format":"standard","meta":{"footnotes":""},"categories":[8],"tags":[23411,27,28,15,16,14,25,26,21,22,20244,12,13,19,20,32,23,24,33,17,18,29,30,31],"class_list":{"0":"post-206723","1":"post","2":"type-post","3":"status-publish","4":"format-standard","5":"has-post-thumbnail","7":"category-principais-noticias","8":"tag-atropelamento-mortal","9":"tag-breaking-news","10":"tag-breakingnews","11":"tag-featured-news","12":"tag-featurednews","13":"tag-headlines","14":"tag-latest-news","15":"tag-latestnews","16":"tag-main-news","17":"tag-mainnews","18":"tag-metro-de-lisboa","19":"tag-news","20":"tag-noticias","21":"tag-noticias-principais","22":"tag-noticiasprincipais","23":"tag-portugal","24":"tag-principais-noticias","25":"tag-principaisnoticias","26":"tag-pt","27":"tag-top-stories","28":"tag-topstories","29":"tag-ultimas","30":"tag-ultimas-noticias","31":"tag-ultimasnoticias"},"share_on_mastodon":{"url":"https:\/\/pubeurope.com\/@pt\/115804176636498221","error":""},"_links":{"self":[{"href":"https:\/\/www.europesays.com\/pt\/wp-json\/wp\/v2\/posts\/206723","targetHints":{"allow":["GET"]}}],"collection":[{"href":"https:\/\/www.europesays.com\/pt\/wp-json\/wp\/v2\/posts"}],"about":[{"href":"https:\/\/www.europesays.com\/pt\/wp-json\/wp\/v2\/types\/post"}],"author":[{"embeddable":true,"href":"https:\/\/www.europesays.com\/pt\/wp-json\/wp\/v2\/users\/2"}],"replies":[{"embeddable":true,"href":"https:\/\/www.europesays.com\/pt\/wp-json\/wp\/v2\/comments?post=206723"}],"version-history":[{"count":0,"href":"https:\/\/www.europesays.com\/pt\/wp-json\/wp\/v2\/posts\/206723\/revisions"}],"wp:featuredmedia":[{"embeddable":true,"href":"https:\/\/www.europesays.com\/pt\/wp-json\/wp\/v2\/media\/206724"}],"wp:attachment":[{"href":"https:\/\/www.europesays.com\/pt\/wp-json\/wp\/v2\/media?parent=206723"}],"wp:term":[{"taxonomy":"category","embeddable":true,"href":"https:\/\/www.europesays.com\/pt\/wp-json\/wp\/v2\/categories?post=206723"},{"taxonomy":"post_tag","embeddable":true,"href":"https:\/\/www.europesays.com\/pt\/wp-json\/wp\/v2\/tags?post=206723"}],"curies":[{"name":"wp","href":"https:\/\/api.w.org\/{rel}","templated":true}]}}