{"id":206735,"date":"2025-12-29T18:13:46","date_gmt":"2025-12-29T18:13:46","guid":{"rendered":"https:\/\/www.europesays.com\/pt\/206735\/"},"modified":"2025-12-29T18:13:46","modified_gmt":"2025-12-29T18:13:46","slug":"carneiro-capricornio-e-peixes-a-prova-o-guia-astrologico-para-sobreviver-a-primeira-semana-do-ano-atual","status":"publish","type":"post","link":"https:\/\/www.europesays.com\/pt\/206735\/","title":{"rendered":"Carneiro, Capric\u00f3rnio e Peixes \u00e0 prova &#8211; o guia astrol\u00f3gico para &#8216;sobreviver&#8217; \u00e0 primeira semana do ano &#8211; Atual"},"content":{"rendered":"<p class=\"\">&#13;<br \/>\n        <b>Carneiro<\/b>&#13;\n    <\/p>\n<p class=\"\">&#13;<br \/>\n        20 de mar\u00e7o a 19 de abril&#13;\n    <\/p>\n<p>&#13;<br \/>\n    &#13;<\/p>\n<p class=\"\">&#13;<br \/>\n        O foco destes dias vai para a cura e para o criar de circunst\u00e2ncias que lhe fazem bem. Conversas com pessoas ou situa\u00e7\u00f5es que surjam ir\u00e3o dar-lhe o sinal do que ser\u00e3o esses caminhos de autorrealiza\u00e7\u00e3o.\u00a0Situa\u00e7\u00f5es familiares, emocionais ou de sa\u00fade t\u00eam servido para esse despertar de uma responsabilidade sobre o seu pr\u00f3prio bem-estar\u00a0e\u00a0da consci\u00eancia de\u00a0que ningu\u00e9m \u00e9\u00a0todo-poderoso,\u00a0tendo\u00a0at\u00e9 o mais valente guerreiro\u00a0de descansar.\u00a0Conflitos com figuras de autoridade ou familiares que a representem t\u00eam tudo para surgir, havendo a necessidade de elevar-se aos seus valores maiores de forma a agir com nobreza.\u00a0A partir do dia 3,\u00a0a vida afetiva trar\u00e1 novos desafios, um novo ciclo a ser encarado,\u00a0nomeadamente ao n\u00edvel da intimidade.&#13;\n    <\/p>\n<p class=\"\">&#13;<br \/>\n        <b>Touro<\/b>&#13;\n    <\/p>\n<p class=\"\">&#13;<br \/>\n        19 de abril a 20 de maio&#13;\n    <\/p>\n<p class=\"\">&#13;<br \/>\n        Os astros est\u00e3o do seu lado, trazendo\u00a0uma\u00a0capacidade\u00a0elevada\u00a0de\u00a0atingir os seus objetivos.\u00a0Paradoxalmente, o\u00a0seu lado mais pregui\u00e7oso tem tudo para estar acentuado, principalmente se o ambiente for de f\u00e9rias.\u00a0Alguns Touros, est\u00e3o a terminar um ciclo de mudan\u00e7a de identidade e de valores antigos que a alimentava, sendo por isso um per\u00edodo indicado para mudan\u00e7as conscientes.\u00a0Nas rela\u00e7\u00f5es afetivas, tender\u00e3o a sentir-se em casa com\u00a0o seu parceiro\/a, e acedendo ao lado mais tradicional do que \u00e9 ser um casal. Ser\u00e1 positivo ou negativo dependendo de quanto a outra pessoa aprecia a rotina.\u00a0No dia 30,\u00a0os nativos deste signo estar\u00e3o muito expressivos nos afetos.\u00a0O dia 31, ter\u00e1 uma energia demasiado fren\u00e9tica para a placidez taurina.\u00a0A partir do dia 3,\u00a0haver\u00e1 atmosfera para uma lua de mel.&#13;\n    <\/p>\n<p class=\"\">&#13;<br \/>\n        <b>G\u00e9meos<\/b>&#13;\n    <\/p>\n<p class=\"\">&#13;<br \/>\n        20 de maio a 21 de junho&#13;\n    <\/p>\n<p class=\"\">&#13;<br \/>\n        Contas que chegam e surpreendem, conversas que d\u00e3o para o torto!\u00a0Tudo isto pode estar no horizonte por estes dias em que as comunica\u00e7\u00f5es formais ganham \u00eanfase. Por\u00e9m, se tudo esteve em ordem nos \u00faltimos tempos,\u00a0ent\u00e3o talvez se manifeste com uma excelente capacidade de\u00a0p\u00f4r\u00a0em pr\u00e1tica as suas ideias no mundo.\u00a0Alguns geminianos ser\u00e3o apanhados em problemas de comunica\u00e7\u00e3o com as autoridades ou com familiares, em que uma pessoa diz alhos e a outra entende bugalhos.\u00a0Estes tipos de problemas t\u00eam\u00a0tudo para surgir no contexto de culturas diferentes.\u00a0O dia 1 ser\u00e1 dado a alguma confus\u00e3o mental, pelo que n\u00e3o vale fazer nada muito s\u00e9rio,\u00a0em\u00a0que seja precisa\u00a0muita aten\u00e7\u00e3o.\u00a0Os primeiros dias do ano ser\u00e3o marcados por uma atitude de reflex\u00e3o.&#13;\n    <\/p>\n<p class=\"\">&#13;<br \/>\n        <b>Caranguejo<\/b>&#13;\n    <\/p>\n<p class=\"\">&#13;<br \/>\n        21 de junho a 22 de julho&#13;\n    <\/p>\n<p class=\"\">&#13;<br \/>\n        Demasiada fam\u00edlia ir\u00e1 exercer press\u00e3o e querer\u00e1 simplesmente mais leveza.\u00a0Em contrapartida, na vida afetiva haver\u00e1 bons encontros e muita partilha. Ao n\u00edvel rom\u00e2ntico, a atra\u00e7\u00e3o rolar\u00e1.\u00a0Sentir\u00e1 que est\u00e1 num momento-chave da sua vida,\u00a0que tem tudo para catapult\u00e1-la\/o para novos horizontes.\u00a0O dia 2 ter\u00e1 uma qualidade de muita empatia e conv\u00edvio com pessoas que lhe s\u00e3o queridas, havendo a possibilidade daquele almo\u00e7o especial e cheio de partilha.\u00a0A partir do dia 3,\u00a0conte com novidades na vida afetiva, em que encontros imediatos lhe trocam as voltas, ou pessoas inesperadas acendem o seu interesse.\u00a0Por outro lado, a energia estar\u00e1 t\u00e3o intensa para o seu lado,\u00a0que as suas rea\u00e7\u00f5es emocionais aos outros ser\u00e3o exacerbadas. Tente escapar \u00e0s balas.&#13;\n    <\/p>\n<p class=\"\">&#13;<br \/>\n        <b>Le\u00e3o<\/b>&#13;\n    <\/p>\n<p class=\"\">&#13;<br \/>\n        22 de julho a 22 de agosto&#13;\n    <\/p>\n<p class=\"\">&#13;<br \/>\n        Estar\u00e3o focados em atingir objetivos materiais e por isso \u00e9 como se n\u00e3o estivessem assim muito presentes em esp\u00edrito,\u00a0mais virados\u00a0para dentro, imersos em planos e estrat\u00e9gias. Alguns le\u00f5es, poder\u00e3o enfrentar situa\u00e7\u00f5es relativas ao seu corpo e\u00a0bem-estar,\u00a0em per\u00edodo de recupera\u00e7\u00e3o f\u00edsica ou sentirem-se\u00a0limitados de alguma maneira.\u00a0\u00a0No dia 31,\u00a0os astros apontam para\u00a0ansiedade no ar, n\u00e3o\u00a0havendo vontade\u00a0de\u00a0grandes aventuras. Experi\u00eancias de grupo t\u00eam tudo para causar alguma irrita\u00e7\u00e3o, sendo mais indicado um programa mais calmo, de prefer\u00eancia com est\u00edmulo mental e criativo.\u00a0No dia 4 tudo o que os le\u00f5es v\u00e3o querer \u00e9 expressarem-se criativamente. N\u00e3o estar\u00e3o com energia para estar em casa, mas sim para sair, ver pessoas e entreterem o esp\u00edrito.&#13;\n    <\/p>\n<p class=\"\">&#13;<br \/>\n        <b>Virgem<\/b>&#13;\n    <\/p>\n<p class=\"\">&#13;<br \/>\n        22 de agosto a 22 de setembro&#13;\n    <\/p>\n<p class=\"\">&#13;<br \/>\n        \u201cTem de haver mais que\u00a0isto!\u201d Os virginianos deparam-se com o\u00a0facto de\u00a0quererem mais da sua realidade e est\u00e3o no ponto ideal para fazerem uma reflex\u00e3o sobre o que alcan\u00e7aram at\u00e9 aqui e o que querem alcan\u00e7ar adiante.\u00a0A boa not\u00edcia \u00e9 que os astros mostram energia e for\u00e7a para ir em frente. Nestes dias, o conforto da casa e da fam\u00edlia trazem essa catalisa\u00e7\u00e3o de energias para sonhar mais alto. H\u00e1 ainda, para muitos, um sentimento de perda e de alguma desmotiva\u00e7\u00e3o, mas o vazio come\u00e7a a ser preenchido com novos sonhos.\u00a0No dia 31, os\u00a0nativos de Virgem\u00a0contar\u00e3o com uma corneta para fazer barulho e festejar.\u00a0O dia 1, ser\u00e1 de apag\u00e3o mental! Bom para fazer coisas in\u00fateis.\u00a0A partir do dia 3,\u00a0haver\u00e1 uma energia amorosa muito positiva.&#13;\n    <\/p>\n<p class=\"\">&#13;<br \/>\n        <b>Balan\u00e7a<\/b>&#13;\n    <\/p>\n<p class=\"\">&#13;<br \/>\n        22 de setembro a 24 de outubro&#13;\n    <\/p>\n<p class=\"\">&#13;<br \/>\n        A fam\u00edlia\u00a0ou figuras de autoridade\u00a0trar\u00e3o\u00a0alguma crise, no sentido em que ter\u00e1 de se p\u00f4r num determinado \u201cmodo\u201d para lidar com todas as\u00a0regras e\u00a0padr\u00f5es habituais.\u00a0O mesmo aspeto tamb\u00e9m se manifestar\u00e1 com a tentativa de impor autoridade ou assumir responsabilidades em alguma \u00e1rea da sua vida.\u00a0A partir do dia 3,\u00a0novos princ\u00edpios e projetos ser\u00e3o colocados em marcha nas suas rela\u00e7\u00f5es e ao n\u00edvel individual. H\u00e1 uma forte possibilidade de se dar um novo ciclo ao n\u00edvel profissional ou familiar. Os \u00faltimos dias de 2025 ser\u00e3o muito orientados para a no\u00e7\u00e3o das p\u00e1ginas que quer virar. Na viragem do ano, o cora\u00e7\u00e3o estar\u00e1 aberto \u00e0s suas rela\u00e7\u00f5es no geral, com amizade e boa disposi\u00e7\u00e3o. No dia 2, as conversas de foro mais \u00edntimo atingir\u00e3o patamares importantes de profundidade.&#13;\n    <\/p>\n<p class=\"\">&#13;<br \/>\n        <b>Escorpi\u00e3o<\/b>&#13;\n    <\/p>\n<p class=\"\">&#13;<br \/>\n        24 de outubro a 22 de novembro&#13;\n    <\/p>\n<p class=\"\">&#13;<br \/>\n        Sentir-se-\u00e3o abra\u00e7ados pelos amigos de longa data e pela capacidade de expressarem afeto \u00e0s pessoas que os rodeiam, havendo um sentimento generalizado de seguran\u00e7a e conforto. O dia 31, ter\u00e1 uma energia demasiado intensa e n\u00e3o ser\u00e1 a onda dos escorpi\u00f5es, que ir\u00e3o preferir estar longe das luzes e da festa rija. Por\u00e9m, v\u00e3o fazer-se acompanhar pelas melhores pessoas. A partir do dia 3 h\u00e1 novas rela\u00e7\u00f5es a nascer, sejam elas do foro \u00edntimo ou simplesmente novos companheiros no caminho. A mesma energia tem tudo para se expressar em novos percursos profissionais, mesmo que embrion\u00e1rios.\u00a0No dia 4, alguns estar\u00e3o rodeados por situa\u00e7\u00f5es desconfort\u00e1veis e n\u00e3o se sentir\u00e3o muito bem.\u00a0Devem evitar a frieza e a aliena\u00e7\u00e3o nas rela\u00e7\u00f5es mais \u00edntimas.&#13;\n    <\/p>\n<p class=\"\">&#13;<br \/>\n        <b>Sagit\u00e1rio<\/b>&#13;\n    <\/p>\n<p class=\"\">&#13;<br \/>\n        22 de novembro a 22 de dezembro&#13;\n    <\/p>\n<p class=\"\">&#13;<br \/>\n        Este foi um ano de luta e de alguma perda para muitos sagitarianos e por isso, ao olhar para tr\u00e1s surge algum cansa\u00e7o. Por\u00e9m, outros apontam j\u00e1 as energias para\u00a0novas prospe\u00e7\u00f5es, fazendo nascer um\u00a0novo sentido. Algumas conversas ou encontros casuais podem dar g\u00e1s a essas novas vis\u00f5es.\u00a0A estragar o esp\u00edrito de festa, muitos\u00a0sagitarianos ter\u00e3o papelada por resolver na secret\u00e1ria, sejam contas por pagar, burocracias com que lidar.\u00a0No dia 31,\u00a0preveem-se\u00a0falhas e pequenos azares que deixar\u00e3o os\u00a0nativos deste signo\u00a0um pouco desconcertados.\u00a0O primeiro dia do ano ser\u00e1 dado a ver filmes e a um agrad\u00e1vel\u00a0\u201cn\u00e3o fazer nada\u201d.\u00a0N\u00e3o ser\u00e1 o dia\u00a0para conversas s\u00e9rias\u00a0ou com muito detalhe.&#13;\n    <\/p>\n<p class=\"\">&#13;<br \/>\n        <b>Capric\u00f3rnio<\/b>&#13;\n    <\/p>\n<p class=\"\">&#13;<br \/>\n        22 de dezembro a 19 de janeiro&#13;\n    <\/p>\n<p class=\"\">&#13;<br \/>\n        Parab\u00e9ns! Este retorno solar ser\u00e1 vivido com muitas novidades.\u00a0Adivinha-se\u00a0um ano de liberta\u00e7\u00e3o do passado e de abertura de novas portas.\u00a0O dia 31 ser\u00e1 vivido com esp\u00edrito de farra.\u00a0A partir do dia 1,\u00a0sentir\u00e1 que tem o fogo nas ventas e\u00a0vai querer\u00a0avan\u00e7ar desde logo com os novos planos. A vida afetiva tem tudo para ficar a ganhar com tamanha energia. Na sua manifesta\u00e7\u00e3o menos positiva,\u00a0haver\u00e1 lugar para frustra\u00e7\u00f5es e impaci\u00eancias.\u00a0O dia 2 ser\u00e1 daqueles em que conversas sem fim ter\u00e3o lugar, provavelmente encontrar\u00e1 algu\u00e9m de quem gosta muito.\u00a0A partir do dia 3, a\u00a0vida afetiva trar\u00e1 novidades, a rela\u00e7\u00e3o atual poder\u00e1 passar de\u00a0n\u00edvel\u00a0ou novas rela\u00e7\u00f5es podem estar a nascer.\u00a0Cuidado com a reatividade emocional das pessoas \u00e0 sua volta.&#13;\n    <\/p>\n<p class=\"\">&#13;<br \/>\n        <b>Aqu\u00e1rio<\/b>&#13;\n    <\/p>\n<p class=\"\">&#13;<br \/>\n        19 de janeiro a 18 de fevereiro&#13;\n    <\/p>\n<p class=\"\">&#13;<br \/>\n        Os aquarianos estar\u00e3o mais introvertidos por\u00a0estes dias, preferindo o sossego \u00e0 agita\u00e7\u00e3o grupal.\u00a0De 29 a 30 ter\u00e3o at\u00e9 alguma tend\u00eancia ao isolamento, saindo da casca a 31, mais por obriga\u00e7\u00e3o.\u00a0Alguns poder\u00e3o estar com situa\u00e7\u00f5es por resolver e finalizar e entram no novo ano, com 2025 por fechar e isso\u00a0ser causa de\u00a0aborrecimento. Para este signo a prefer\u00eancia ir\u00e1 para o ano novo chin\u00eas em que as energias estar\u00e3o mais em conson\u00e2ncia. Nos dias 1 a 2 ter\u00e3o prazer em ocupar-se com algo que os entretenha ao n\u00edvel mental, seja um bom livro ou at\u00e9 mesmo ao n\u00edvel da escrita. No dia 4, haver\u00e1 maior esp\u00edrito de abertura ao conv\u00edvio, pois at\u00e9 l\u00e1 a cabe\u00e7a estar\u00e1 nos afazeres e com o esp\u00edrito mais reservado.&#13;\n    <\/p>\n<p class=\"\">&#13;<br \/>\n        <b>Peixes<\/b>&#13;\n    <\/p>\n<p class=\"\">&#13;<br \/>\n        18 de fevereiro a 20 de mar\u00e7o&#13;\n    <\/p>\n<p class=\"\">&#13;<br \/>\n        Burocracias e papeladas trar\u00e3o o sobrolho franzido aos peixes que gostariam era de estar leves e soltos nestes \u00faltimos dias do ano.\u00a0Nos afetos, sentir-se-\u00e3o\u00a0acolhidos\u00a0ao seu redor, seja por familiares, por amigos ou at\u00e9 mesmo no contexto profissional. Um ambiente de conforto e seguran\u00e7a ir\u00e1 pautar esta passagem de ano.\u00a0O dia 2 tem tudo para ser marcado por deslizes nas conversas com os outros, algu\u00e9m ir\u00e1 escorregar na casca de banana e dizer a coisa errada, com sorte encontrar\u00e1\u00a0a\u00a0paci\u00eancia\u00a0pisciana como apoio.\u00a0A partir do dia 3,\u00a0a energia para o novo ano estar\u00e1 elevada, notando-se criatividade e motiva\u00e7\u00e3o para as novas rotinas.\u00a0A vida afetiva estar\u00e1 em alta com promessas e compromissos a serem firmados para o novo ano.&#13;\n    <\/p>\n<p>    &#13;<br \/>\n        &#13;<br \/>\n            &#13;<br \/>\n        &#13;<br \/>\n        &#13;<br \/>\n            &#13;<br \/>\n                    <a title=\"\" href=\"https:\/\/www.maxima.pt\/celebridades\/detalhe\/brigitte-bardot-as-imagens-que-ninguem-viu-1934-2025\" rel=\"nofollow noopener\" target=\"_blank\">&#13;<br \/>\n                        <img decoding=\"async\" src=\"https:\/\/www.europesays.com\/pt\/wp-content\/uploads\/2025\/12\/img_552x364uu2025-12-28-12-24-04-468260.jpg\" alt=\"Noticia Seguinte\"\/>&#13;<br \/>\n                    <\/a>&#13;<br \/>\n            &#13;<br \/>\n            &#13;<br \/>\n        &#13;<\/p>\n","protected":false},"excerpt":{"rendered":"&#13; Carneiro&#13; &#13; 20 de mar\u00e7o a 19 de abril&#13; &#13; &#13; &#13; O foco destes dias vai&hellip;\n","protected":false},"author":2,"featured_media":206736,"comment_status":"","ping_status":"","sticky":false,"template":"","format":"standard","meta":{"footnotes":""},"categories":[85],"tags":[15845,114,115,40741,32,40739,40740,33],"class_list":{"0":"post-206735","1":"post","2":"type-post","3":"status-publish","4":"format-standard","5":"has-post-thumbnail","7":"category-entretenimento","8":"tag-energia-solar","9":"tag-entertainment","10":"tag-entretenimento","11":"tag-mercado-da-energia","12":"tag-portugal","13":"tag-produtos-de-saude-e-beleza","14":"tag-profissionais-de-saude","15":"tag-pt"},"share_on_mastodon":{"url":"https:\/\/pubeurope.com\/@pt\/115804220128032040","error":""},"_links":{"self":[{"href":"https:\/\/www.europesays.com\/pt\/wp-json\/wp\/v2\/posts\/206735","targetHints":{"allow":["GET"]}}],"collection":[{"href":"https:\/\/www.europesays.com\/pt\/wp-json\/wp\/v2\/posts"}],"about":[{"href":"https:\/\/www.europesays.com\/pt\/wp-json\/wp\/v2\/types\/post"}],"author":[{"embeddable":true,"href":"https:\/\/www.europesays.com\/pt\/wp-json\/wp\/v2\/users\/2"}],"replies":[{"embeddable":true,"href":"https:\/\/www.europesays.com\/pt\/wp-json\/wp\/v2\/comments?post=206735"}],"version-history":[{"count":0,"href":"https:\/\/www.europesays.com\/pt\/wp-json\/wp\/v2\/posts\/206735\/revisions"}],"wp:featuredmedia":[{"embeddable":true,"href":"https:\/\/www.europesays.com\/pt\/wp-json\/wp\/v2\/media\/206736"}],"wp:attachment":[{"href":"https:\/\/www.europesays.com\/pt\/wp-json\/wp\/v2\/media?parent=206735"}],"wp:term":[{"taxonomy":"category","embeddable":true,"href":"https:\/\/www.europesays.com\/pt\/wp-json\/wp\/v2\/categories?post=206735"},{"taxonomy":"post_tag","embeddable":true,"href":"https:\/\/www.europesays.com\/pt\/wp-json\/wp\/v2\/tags?post=206735"}],"curies":[{"name":"wp","href":"https:\/\/api.w.org\/{rel}","templated":true}]}}