{"id":206740,"date":"2025-12-29T18:16:13","date_gmt":"2025-12-29T18:16:13","guid":{"rendered":"https:\/\/www.europesays.com\/pt\/206740\/"},"modified":"2025-12-29T18:16:13","modified_gmt":"2025-12-29T18:16:13","slug":"roma-vai-cobrar-dois-euros-para-visitar-a-famosa-fontana-di-trevi","status":"publish","type":"post","link":"https:\/\/www.europesays.com\/pt\/206740\/","title":{"rendered":"Roma vai cobrar dois euros para visitar a famosa Fontana di Trevi"},"content":{"rendered":"<p>        A partir de 1\u00ba de fevereiro de 2026, turistas que desejarem se aproximar da Fontana di Trevi, um dos monumentos mais ic\u00f4nicos de Roma, ter\u00e3o que pagar 2\u202feuros. A medida, anunciada pela C\u00e2mara Municipal, visa controlar o intenso fluxo de visitantes e preservar o patrim\u00f4nio hist\u00f3rico da cidade.    <\/p>\n<p>A partir de 1\u00ba de fevereiro de 2026, Roma passar\u00e1 a cobrar uma taxa simb\u00f3lica de 2\u202feuros para quem quiser se aproximar da Fontana di Trevi durante o dia, das 9h \u00e0s 21h, anunciou a C\u00e2mara Municipal da cidade segundo a Euronews. A medida in\u00e9dita tem como objetivo controlar o intenso fluxo de turistas e proteger o patrim\u00f4nio hist\u00f3rico local.<\/p>\n<p data-start=\"541\" data-end=\"804\">Segundo o presidente da C\u00e2mara, Roberto Gualtieri, citado pela mesma fonte, o pagamento ser\u00e1 necess\u00e1rio apenas para aceder a \u00e1rea pr\u00f3xima \u00e0 \u00e1gua \u2014 ponto mais procurado para fotos e para a tradicional pr\u00e1tica de lan\u00e7ar moedas \u2014 enquanto a vista da piazza continuar\u00e1 gratuita.<\/p>\n<p data-start=\"806\" data-end=\"1114\">Segundo dados divulgados pelo The Traveler, a Fontana di Trevi recebeu cerca de 9 milh\u00f5es de visitantes em 2025, com picos de at\u00e9 70\u202f000 pessoas em um \u00fanico dia. Para tornar a experi\u00eancia mais organizada, a prefeitura estabelecer\u00e1 um limite de 400 visitantes simult\u00e2neos na \u00e1rea mais pr\u00f3xima \u00e0 fonte.<\/p>\n<p data-start=\"1116\" data-end=\"1626\">A arrecada\u00e7\u00e3o prevista, estimada em 6,5 milh\u00f5es de euros por ano, ser\u00e1 direcionada \u00e0 manuten\u00e7\u00e3o da fonte e de outros espa\u00e7os culturais da cidade, segundo informa\u00e7\u00f5es da Jovem Pan. Os residentes de Roma e da regi\u00e3o metropolitana continuar\u00e3o a ter acesso gratuito, assim como quem visitar fora do hor\u00e1rio de cobran\u00e7a. Al\u00e9m disso, a prefeitura planeja cobrar entradas em cinco outros locais at\u00e9 ent\u00e3o gratuitos, incluindo a Villa di Massenzio e alguns museus municipais, com bilhetes de 5\u202feuros cada, diz a Enca.com.<\/p>\n<p data-start=\"1628\" data-end=\"2015\">\u201cInaugurada em 1762, a Fontana di Trevi \u00e9 um marco do barroco romano, atravessada pelo aqueduto milenar Acqua Vergine, e ficou famosa em filmes como La Dolce Vita. A tradi\u00e7\u00e3o de lan\u00e7ar moedas \u2014 uma para garantir o retorno a Roma, outra para o amor e uma terceira para o casamento \u2014 seguir\u00e1 sendo parte da experi\u00eancia, agora em um ambiente mais controlado e sustent\u00e1vel\u201d, termina o The Traveller<\/p>\n<p>\u00a0<\/p>\n","protected":false},"excerpt":{"rendered":"A partir de 1\u00ba de fevereiro de 2026, turistas que desejarem se aproximar da Fontana di Trevi, um&hellip;\n","protected":false},"author":2,"featured_media":206741,"comment_status":"","ping_status":"","sticky":false,"template":"","format":"standard","meta":{"footnotes":""},"categories":[50],"tags":[27,28,15,16,40742,14,233,25,26,21,22,62,12,13,19,20,23,24,17,18,1456,29,30,31,1080,63,64,65],"class_list":{"0":"post-206740","1":"post","2":"type-post","3":"status-publish","4":"format-standard","5":"has-post-thumbnail","7":"category-mundo","8":"tag-breaking-news","9":"tag-breakingnews","10":"tag-featured-news","11":"tag-featurednews","12":"tag-fontana-di-trevi","13":"tag-headlines","14":"tag-italia","15":"tag-latest-news","16":"tag-latestnews","17":"tag-main-news","18":"tag-mainnews","19":"tag-mundo","20":"tag-news","21":"tag-noticias","22":"tag-noticias-principais","23":"tag-noticiasprincipais","24":"tag-principais-noticias","25":"tag-principaisnoticias","26":"tag-top-stories","27":"tag-topstories","28":"tag-turismo","29":"tag-ultimas","30":"tag-ultimas-noticias","31":"tag-ultimasnoticias","32":"tag-viagens","33":"tag-world","34":"tag-world-news","35":"tag-worldnews"},"share_on_mastodon":{"url":"https:\/\/pubeurope.com\/@pt\/115804227739320550","error":""},"_links":{"self":[{"href":"https:\/\/www.europesays.com\/pt\/wp-json\/wp\/v2\/posts\/206740","targetHints":{"allow":["GET"]}}],"collection":[{"href":"https:\/\/www.europesays.com\/pt\/wp-json\/wp\/v2\/posts"}],"about":[{"href":"https:\/\/www.europesays.com\/pt\/wp-json\/wp\/v2\/types\/post"}],"author":[{"embeddable":true,"href":"https:\/\/www.europesays.com\/pt\/wp-json\/wp\/v2\/users\/2"}],"replies":[{"embeddable":true,"href":"https:\/\/www.europesays.com\/pt\/wp-json\/wp\/v2\/comments?post=206740"}],"version-history":[{"count":0,"href":"https:\/\/www.europesays.com\/pt\/wp-json\/wp\/v2\/posts\/206740\/revisions"}],"wp:featuredmedia":[{"embeddable":true,"href":"https:\/\/www.europesays.com\/pt\/wp-json\/wp\/v2\/media\/206741"}],"wp:attachment":[{"href":"https:\/\/www.europesays.com\/pt\/wp-json\/wp\/v2\/media?parent=206740"}],"wp:term":[{"taxonomy":"category","embeddable":true,"href":"https:\/\/www.europesays.com\/pt\/wp-json\/wp\/v2\/categories?post=206740"},{"taxonomy":"post_tag","embeddable":true,"href":"https:\/\/www.europesays.com\/pt\/wp-json\/wp\/v2\/tags?post=206740"}],"curies":[{"name":"wp","href":"https:\/\/api.w.org\/{rel}","templated":true}]}}