{"id":206742,"date":"2025-12-29T18:17:13","date_gmt":"2025-12-29T18:17:13","guid":{"rendered":"https:\/\/www.europesays.com\/pt\/206742\/"},"modified":"2025-12-29T18:17:13","modified_gmt":"2025-12-29T18:17:13","slug":"passagem-de-ano-nos-aliados-vai-ter-reforco-de-seguranca-e-de-transportes","status":"publish","type":"post","link":"https:\/\/www.europesays.com\/pt\/206742\/","title":{"rendered":"Passagem de ano nos Aliados vai ter refor\u00e7o de seguran\u00e7a e de transportes"},"content":{"rendered":"<p data-remotead-prev-elm=\"true\" data-remotead-elm-id=\"inread\">A festa de entrada em 2026 est\u00e1 programada para come\u00e7ar por volta das 22 horas de dia 31 de dezembro, mas a partir das 19 horas o acesso autom\u00f3vel aos Aliados ser\u00e1 vedado e a esta\u00e7\u00e3o de metro com o mesmo nome encerrada, at\u00e9 \u00e0s 5 horas de 1 de janeiro. Ainda assim, as esta\u00e7\u00f5es da Trindade e S\u00e3o Bento mant\u00eam-se em funcionamento, sendo que o Metro do Porto providenciar\u00e1 servi\u00e7o ininterrupto durante toda a madrugada.<\/p>\n<p>Quanto aos autocarros, ser\u00e2o efetuadas altera\u00e7\u00f5es provis\u00f3rias de percurso, entre as 19 horas de 31 de dezembro e as 7 horas do primeiro dia do ano. Nesse sentido, as linhas 200, 201, 202, 207, 308, 300, 301, 302, 303, 304, 305, 400, 501, 600, 703, 801, 901, 904, 905, 906, 1M, 2M, 3M, 4M, 5M, 7M, 8M, 9M, 10M, 11M, 12M e 13M, ser\u00e3o afetadas. Pode consultar todas as altera\u00e7\u00f5es no <a href=\"https:\/\/stcp.pt\/\" target=\"_blank\" rel=\"nofollow noopener\">site da STCP<\/a>.<\/p>\n<p>Devido \u00e0 grande aflu\u00eancia de pessoas esperada na festa, o tr\u00e2nsito autom\u00f3vel tamb\u00e9m vai ter fortes condicionamentos, entre as 19 horas de 31 de dezembro e as 7 horas de 1 de janeiro. A circula\u00e7\u00e3o ser\u00e1 proibida nas ruas de Gon\u00e7alo Cristov\u00e3o e Almada (Norte), Pra\u00e7a de Almeida Garret (Sul), nas pra\u00e7as da Batalha e dos Poveiros (Este) e nas ruas de S\u00e3o Filipe de Nery e dos Cl\u00e9rigos (Oeste).<\/p>\n<p>Seguran\u00e7a refor\u00e7ada<\/p>\n<p data-remotead-prev-elm=\"true\" data-remotead-elm-id=\"centro1\">Este ano, haver\u00e1 refor\u00e7o da opera\u00e7\u00e3o de seguran\u00e7a, sendo que o acesso \u00e0 Avenida dos Aliados ser\u00e1 feito por seis pontos, onde ser\u00e1 feita a revista \u00e0s pessoas por parte dos operacionais das for\u00e7as de seguran\u00e7a.<\/p>\n<p>Como tem sido habitual, e como \u00e9 tradi\u00e7\u00e3o, vai ser permitida a entrada de garrafas de champanhe mas apela-se para que as pessoas n\u00e3o levem copos de vidro. &#8220;O objetivo da revista \u00e9, essencialmente, impedir a entrada de armas de fogo e brancas, mas tamb\u00e9m de artif\u00edcios pirot\u00e9cnicos&#8221;, explicou o superintendente Ra\u00fal Curva, segundo comandante do Comando Metropolitano do Porto da PSP.<\/p>\n<p>Os acessos para entrar na festa passam pelas ruas de Ramalho Ortig\u00e3o, El\u00edsio de Melo, Dr. Artur de Magalh\u00e3es Basto e dos Cl\u00e9rigos (Oeste), Ruas Guilherme Costa Carvalho, Dr. Magalh\u00e3es Lemos e Sampaio Bruno (Este) e ainda pelas ruas do Almada e do Bonjardim.<\/p>\n<p data-remotead-prev-elm=\"true\" data-remotead-elm-id=\"centro2\">Entre as 21.30 horas e a 1 hora de 2026 &#8220;n\u00e3o ser\u00e1 permitido o acesso \u00e0 parte envolvente da C\u00e2mara Municipal, onde vai ser lan\u00e7ado o fogo de artif\u00edcio&#8221;. Este ano, o espet\u00e1culo, que al\u00e9m da pirotecnia ter\u00e1 tamb\u00e9m uma componente multim\u00e9dia (luz, v\u00eddeo e som), contar\u00e1 com a dura\u00e7\u00e3o de 11 minutos, iniciando-se com a contagem descrescente, nos \u00faltimos tr\u00eas minutos de 2025. J\u00e1 a festa, vai custar cerca de 475 mil euros.<\/p>\n<p>M\u00fasica para todos os gostos<\/p>\n<p>Passando \u00e0 parte musical, ser\u00e1 inaugurada \u00e0s 22 horas, com o concerto dos Cl\u00e3, sendo que depois ser\u00e1 Nininho Vaz Maia a atuar, por volta das 0.30 horas. O final da noite vai contar com o DJ set dos Beatbombers, dupla formada por DJ Ride e Stereossauro, pelas 2 horas.<\/p>\n<p>Na tarde do primeiro dia do Ano Novo, a partir das 16 horas, a Avenida dos Aliados ser\u00e1 palco do tradicional concerto de Ano Novo. Este espet\u00e1culo estar\u00e1 a cargo da Banda Sinf\u00f3nica Portuguesa, num momento que vai reunir um conjunto de temas festivos para assinalar a entrada em 2026.<\/p>\n","protected":false},"excerpt":{"rendered":"A festa de entrada em 2026 est\u00e1 programada para come\u00e7ar por volta das 22 horas de dia 31&hellip;\n","protected":false},"author":2,"featured_media":206743,"comment_status":"","ping_status":"","sticky":false,"template":"","format":"standard","meta":{"footnotes":""},"categories":[10],"tags":[32522,27,28,20018,15,16,14,25,26,21,22,12,13,19,20,37505,32,23,24,33,17,18,29,30,31],"class_list":{"0":"post-206742","1":"post","2":"type-post","3":"status-publish","4":"format-standard","5":"has-post-thumbnail","7":"category-portugal","8":"tag-avenida-dos-aliados","9":"tag-breaking-news","10":"tag-breakingnews","11":"tag-concelho-porto","12":"tag-featured-news","13":"tag-featurednews","14":"tag-headlines","15":"tag-latest-news","16":"tag-latestnews","17":"tag-main-news","18":"tag-mainnews","19":"tag-news","20":"tag-noticias","21":"tag-noticias-principais","22":"tag-noticiasprincipais","23":"tag-passagem-de-ano","24":"tag-portugal","25":"tag-principais-noticias","26":"tag-principaisnoticias","27":"tag-pt","28":"tag-top-stories","29":"tag-topstories","30":"tag-ultimas","31":"tag-ultimas-noticias","32":"tag-ultimasnoticias"},"share_on_mastodon":{"url":"https:\/\/pubeurope.com\/@pt\/115804231699150506","error":""},"_links":{"self":[{"href":"https:\/\/www.europesays.com\/pt\/wp-json\/wp\/v2\/posts\/206742","targetHints":{"allow":["GET"]}}],"collection":[{"href":"https:\/\/www.europesays.com\/pt\/wp-json\/wp\/v2\/posts"}],"about":[{"href":"https:\/\/www.europesays.com\/pt\/wp-json\/wp\/v2\/types\/post"}],"author":[{"embeddable":true,"href":"https:\/\/www.europesays.com\/pt\/wp-json\/wp\/v2\/users\/2"}],"replies":[{"embeddable":true,"href":"https:\/\/www.europesays.com\/pt\/wp-json\/wp\/v2\/comments?post=206742"}],"version-history":[{"count":0,"href":"https:\/\/www.europesays.com\/pt\/wp-json\/wp\/v2\/posts\/206742\/revisions"}],"wp:featuredmedia":[{"embeddable":true,"href":"https:\/\/www.europesays.com\/pt\/wp-json\/wp\/v2\/media\/206743"}],"wp:attachment":[{"href":"https:\/\/www.europesays.com\/pt\/wp-json\/wp\/v2\/media?parent=206742"}],"wp:term":[{"taxonomy":"category","embeddable":true,"href":"https:\/\/www.europesays.com\/pt\/wp-json\/wp\/v2\/categories?post=206742"},{"taxonomy":"post_tag","embeddable":true,"href":"https:\/\/www.europesays.com\/pt\/wp-json\/wp\/v2\/tags?post=206742"}],"curies":[{"name":"wp","href":"https:\/\/api.w.org\/{rel}","templated":true}]}}