{"id":206745,"date":"2025-12-29T18:19:12","date_gmt":"2025-12-29T18:19:12","guid":{"rendered":"https:\/\/www.europesays.com\/pt\/206745\/"},"modified":"2025-12-29T18:19:12","modified_gmt":"2025-12-29T18:19:12","slug":"foto-mostra-corina-com-edmundo-gonzalez-em-hotel-de-oslo-observador","status":"publish","type":"post","link":"https:\/\/www.europesays.com\/pt\/206745\/","title":{"rendered":"Foto mostra Corina com Edmundo Gonz\u00e1lez em hotel de Oslo? \u2013 Observador"},"content":{"rendered":"<p>A ida de Mar\u00eda Corina Machado a Oslo foi visto como um gesto her\u00f3ico por parte da l\u00edder da oposi\u00e7\u00e3o venezuelana. A mulher conseguiu sair da Venezuela com o apoio norte-americano e conseguiu estar na capital norueguesa durante as cerim\u00f3nias da entrega do Pr\u00e9mio Nobel da Paz.<\/p>\n<p>Apesar de ter sido a filha \u2014 Ana Corina Sosa \u2014 a receber o galard\u00e3o na cerim\u00f3nia, Mar\u00eda Corina Machado ainda conseguiu estar presente em Oslo. A l\u00edder da oposi\u00e7\u00e3o venezuelana marcou presen\u00e7a no Grand Hotel de Oslo, em que se costuma organizar um jantar em honra dos laureados do Pr\u00e9mio Nobel da Paz.<\/p>\n<p>        <img src=\"https:\/\/www.europesays.com\/pt\/wp-content\/uploads\/2025\/12\/captura-de-ecra-2025-12-15-as-224939.jpg\" alt=\"\" loading=\"lazy\" decoding=\"async\" class=\"aligncenter\" onload=\"this.parentElement.classList.remove('spinner')\" onerror=\"this.parentElement.classList.remove('spinner')\"\/>    <\/p>\n<p>A mulher foi mesmo recebida por uma multid\u00e3o que se juntou na capital norueguesa. Desde de uma varanda do Grand Hotel de Oslo, Mar\u00eda Corina Machado foi aplaudida.<\/p>\n<blockquote class=\"twitter-tweet\" data-width=\"500\" data-dnt=\"true\">\n<p lang=\"es\" dir=\"ltr\">Mar\u00eda Corina Machado, nuestra Nobel de la Paz, desde el Grand Hotel en Oslo. Los venezolanos all\u00ed presentes entonaron el Gloria al Bravo Pueblo. <a href=\"https:\/\/t.co\/cvYBWe2v1a\" rel=\"nofollow\">pic.twitter.com\/cvYBWe2v1a<\/a><\/p>\n<p>\u2014 Walter Molina (@WalterVMG) <a href=\"https:\/\/twitter.com\/WalterVMG\/status\/1998929139131363583?ref_src=twsrc%5Etfw\" rel=\"nofollow noopener\" target=\"_blank\">December 11, 2025<\/a><\/p>\n<\/blockquote>\n<p>Circulam tamb\u00e9m fotografias nas redes sociais em que se v\u00ea Mar\u00eda Corina Machado ao lado do rival de Nicol\u00e1s Maduro nas elei\u00e7\u00f5es presidenciais de 2024, Edmundo Gonz\u00e1lez. Tamb\u00e9m ele figura da oposi\u00e7\u00e3o venezuelana (concorreu \u00e0s elei\u00e7\u00f5es porque Mar\u00eda Corina Machado foi impedida de o fazer), h\u00e1 imagens que mostram os dois aliados pol\u00edticos contra Nicol\u00e1s Maduro na varanda do Grand Hotel de Oslo.<\/p>\n<p>\u00c9 verdade que, tal como Mar\u00eda Corina Machado, Edmundo Gonz\u00e1lez esteve em Oslo. O candidato (que se auto-intitula Presidente eleito da Venezuela) foi um dos convidados de honra para as cerim\u00f3nias. O homem de 76 anos est\u00e1, ali\u00e1s, a viver no ex\u00edlio, em Madrid, ao passo que a l\u00edder da oposi\u00e7\u00e3o se mant\u00e9m na Venezuela.<\/p>\n<p>Uma utilizadora que publicou a foto disse ter sido uma \u201chonra\u201d t\u00ea-lo feito: \u201cVemos a valente Mar\u00eda Corina Machado em liberdade\u201d, juntamente com Edmundo Gonz\u00e1lez.<\/p>\n<p>Em Oslo, onde Mar\u00eda Corina Machado se desdobrou em entrevistas e atividades para dar mais credibilidade e legitimidade \u00e0 oposi\u00e7\u00e3o venezuelana, a mulher encontrou-se efetivamente com Edmundo Gonz\u00e1lez, segundo v\u00e1rios v\u00eddeos nas redes sociais.<\/p>\n<blockquote class=\"twitter-tweet\" data-width=\"500\" data-dnt=\"true\">\n<p lang=\"es\" dir=\"ltr\"><a href=\"https:\/\/twitter.com\/hashtag\/EN6?src=hash&amp;ref_src=twsrc%5Etfw\" rel=\"nofollow noopener\" target=\"_blank\">#EN6<\/a> | Mar\u00eda Corina Machado y Edmundo Gonz\u00e1lez se reencontraron en Oslo despu\u00e9s de m\u00e1s de un a\u00f1o, en el marco de las actividades vinculadas al Premio Nobel de la Paz otorgado a Machado.<\/p>\n<p>Machado y Gonz\u00e1lez encabezaron el movimiento opositor que particip\u00f3 en las elecciones\u2026 <a href=\"https:\/\/t.co\/xW1qu1McDG\" rel=\"nofollow\">pic.twitter.com\/xW1qu1McDG<\/a><\/p>\n<p>\u2014 El Noticiero (@elnoticiero_6) <a href=\"https:\/\/twitter.com\/elnoticiero_6\/status\/1999114779525304400?ref_src=twsrc%5Etfw\" rel=\"nofollow noopener\" target=\"_blank\">December 11, 2025<\/a><\/p>\n<\/blockquote>\n<p>No entanto, a fotografia que est\u00e1 a ser publicada nas redes sociais com os dois na varanda do Grand Hotel de Oslo n\u00e3o \u00e9 verdadeira. N\u00e3o existe nenhum registo cred\u00edvel de Mar\u00eda Corina Machado e Edmundo Gonz\u00e1lez naquele lugar.<\/p>\n<p>Em vez disso, trata-se de uma imagem realizada gerada atrav\u00e9s de intelig\u00eancia artificial. Segundo o detetor wasitai, existe uma elevada probabilidade de que a fotografia \u2014 ou partes significativas da mesma \u2014 tenham sido realizadas atrav\u00e9s daquela tecnologia.<\/p>\n<p>        <img src=\"https:\/\/www.europesays.com\/pt\/wp-content\/uploads\/2025\/12\/captura-de-ecra-2025-12-15-as-224356.jpg\" alt=\"\" loading=\"lazy\" decoding=\"async\" class=\"aligncenter\" onload=\"this.parentElement.classList.remove('spinner')\" onerror=\"this.parentElement.classList.remove('spinner')\"\/>    <\/p>\n<p><strong>Conclus\u00e3o<\/strong><\/p>\n<p>N\u00e3o \u00e9 verdade que Mar\u00eda Corina Machado tenha estado na varanda do Grand Hotel de Oslo, ao lado de Edmundo Gonz\u00e1lez. Os dois aliados pol\u00edticos da oposi\u00e7\u00e3o da Venezuela reuniram-se, de facto, na capital norueguesa, mas n\u00e3o naquele hotel. A fotografia que est\u00e1 a circular nas redes sociais foi gerada atrav\u00e9s de intelig\u00eancia artificial, como mostra o detetor wasitai.<\/p>\n<p>Assim, de acordo com o\u00a0sistema de classifica\u00e7\u00e3o do Observador, este conte\u00fado \u00e9:<\/p>\n<p><strong>ERRADO<\/strong><\/p>\n<p>No\u00a0<a href=\"https:\/\/www.facebook.com\/help\/publisher\/182222309230722\" rel=\"nofollow noopener\" target=\"_blank\">sistema de classifica\u00e7\u00e3o do Facebook<\/a>, este conte\u00fado \u00e9:<\/p>\n<p><strong>FALSO<\/strong>: As principais alega\u00e7\u00f5es do conte\u00fado s\u00e3o factualmente imprecisas. Geralmente, esta op\u00e7\u00e3o corresponde \u00e0s classifica\u00e7\u00f5es \u201cfalso\u201d ou \u201cmaioritariamente falso\u201d nos sites de verificadores de factos.<\/p>\n<p><strong>NOTA: este conte\u00fado foi selecionado pelo Observador no \u00e2mbito de uma parceria de fact checking com o Facebook.<\/strong><\/p>\n<p>\n                <a href=\"https:\/\/ifcncodeofprinciples.poynter.org\/profile\/observador-fact-check\" title=\"O Observador \u00e9 membro do IFCN\" target=\"_blank\" rel=\"nofollow noopener\"><br \/>\n                    <img decoding=\"async\" src=\"https:\/\/www.europesays.com\/pt\/wp-content\/uploads\/2025\/08\/77110938-3E82-34EE-7F24-CCAB079FBA5E.png\" style=\"height: 140px;\" alt=\"IFCN Badge\"\/><br \/>\n                <\/a>\n            <\/p>\n<p>            <script async src=\"https:\/\/platform.twitter.com\/widgets.js\" charset=\"utf-8\"><\/script><\/p>\n","protected":false},"excerpt":{"rendered":"A ida de Mar\u00eda Corina Machado a Oslo foi visto como um gesto her\u00f3ico por parte da l\u00edder&hellip;\n","protected":false},"author":2,"featured_media":26675,"comment_status":"","ping_status":"","sticky":false,"template":"","format":"standard","meta":{"footnotes":""},"categories":[145],"tags":[211,210,114,115,7316,62,11336,861,32,33,3023],"class_list":{"0":"post-206745","1":"post","2":"type-post","3":"status-publish","4":"format-standard","5":"has-post-thumbnail","7":"category-celebridades","8":"tag-celebridades","9":"tag-celebrities","10":"tag-entertainment","11":"tag-entretenimento","12":"tag-fact-check","13":"tag-mundo","14":"tag-nicolu00e1s-maduro","15":"tag-observador","16":"tag-portugal","17":"tag-pt","18":"tag-venezuela"},"share_on_mastodon":{"url":"https:\/\/pubeurope.com\/@pt\/115804239517828071","error":""},"_links":{"self":[{"href":"https:\/\/www.europesays.com\/pt\/wp-json\/wp\/v2\/posts\/206745","targetHints":{"allow":["GET"]}}],"collection":[{"href":"https:\/\/www.europesays.com\/pt\/wp-json\/wp\/v2\/posts"}],"about":[{"href":"https:\/\/www.europesays.com\/pt\/wp-json\/wp\/v2\/types\/post"}],"author":[{"embeddable":true,"href":"https:\/\/www.europesays.com\/pt\/wp-json\/wp\/v2\/users\/2"}],"replies":[{"embeddable":true,"href":"https:\/\/www.europesays.com\/pt\/wp-json\/wp\/v2\/comments?post=206745"}],"version-history":[{"count":0,"href":"https:\/\/www.europesays.com\/pt\/wp-json\/wp\/v2\/posts\/206745\/revisions"}],"wp:featuredmedia":[{"embeddable":true,"href":"https:\/\/www.europesays.com\/pt\/wp-json\/wp\/v2\/media\/26675"}],"wp:attachment":[{"href":"https:\/\/www.europesays.com\/pt\/wp-json\/wp\/v2\/media?parent=206745"}],"wp:term":[{"taxonomy":"category","embeddable":true,"href":"https:\/\/www.europesays.com\/pt\/wp-json\/wp\/v2\/categories?post=206745"},{"taxonomy":"post_tag","embeddable":true,"href":"https:\/\/www.europesays.com\/pt\/wp-json\/wp\/v2\/tags?post=206745"}],"curies":[{"name":"wp","href":"https:\/\/api.w.org\/{rel}","templated":true}]}}