{"id":206761,"date":"2025-12-29T18:31:12","date_gmt":"2025-12-29T18:31:12","guid":{"rendered":"https:\/\/www.europesays.com\/pt\/206761\/"},"modified":"2025-12-29T18:31:12","modified_gmt":"2025-12-29T18:31:12","slug":"empresario-perde-mais-de-20-mil-euros-em-transacao-de-conta-no-novo-banco-fora-de-campo","status":"publish","type":"post","link":"https:\/\/www.europesays.com\/pt\/206761\/","title":{"rendered":"Empres\u00e1rio perde mais de 20 mil euros em transa\u00e7\u00e3o de conta no Novo Banco &#8211; Fora de Campo"},"content":{"rendered":"<p>                    28 dezembro 2025 &#8211; 16:08<\/p>\n<p>H\u00e1 registo de mais casos<\/p>\n<p>    &#13;<br \/>\n            &#13;<br \/>\n                &#13;<br \/>\n                    &#13;<br \/>\n                &#13;<br \/>\n                &#13;<br \/>\n            &#13;<\/p>\n<p class=\"\">&#13;<br \/>\n        Nelson Carvalho \u00e9 propriet\u00e1rio de uma empresa de distribui\u00e7\u00e3o de g\u00e1s e ra\u00e7\u00f5es em Torre de D. Chama, no concelho de Mirandela. H\u00e1 cerca de um m\u00eas perdeu cerca de 25 mil euros em transa\u00e7\u00f5es banc\u00e1rias. \u201cEstava a fazer uma transfer\u00eancia para um fornecedor e dias depois descobrimos que esse dinheiro nunca chegou porque o IBAN de destino foi alterado\u201d, explicou ao &#8216;Correio da Manh\u00e3&#8217;<b style=\"margin: 0px; padding: 0px; border: 0px; outline: 0px; font-size: 20px; list-style: none; vertical-align: middle; background: transparent; color: rgb(0, 0, 0); font-family: CorreioSlab-Light, -apple-system, BlinkMacSystemFont, \" segoe=\"\" ui=\"\" neue=\"\" arial=\"\" sans-serif=\"\">\u00a0<\/b>o lesado, cliente do Novo Banco, a quem atira as responsabilidades. \u201cJ\u00e1 tinha existido outra transfer\u00eancia de quase cinco mil euros que n\u00f3s nunca fizemos; comunicamos ao Banco e percebemos que houve ainda mais tentativas de transfer\u00eancias, das quais nunca recebemos qualquer tipo de alerta\u201d.<b> <a href=\"https:\/\/www.cmjornal.pt\/portugal\/detalhe\/empresario-perde-mais-de-20-mil-euros-em-transacao-de-conta-no-novo-banco\" target=\"_self\" rel=\"tag nofollow noopener\" title=\"Empres\u00e1rio perde mais de 20 mil euros em transa\u00e7\u00e3o de conta no Novo Banco\">Leia o artigo na \u00edntegra no &#8216;Correio da Manh\u00e3&#8217;<\/a><\/b>&#13;\n    <\/p>\n","protected":false},"excerpt":{"rendered":"28 dezembro 2025 &#8211; 16:08 H\u00e1 registo de mais casos &#13; &#13; &#13; &#13; &#13; &#13; &#13; &#13;&hellip;\n","protected":false},"author":2,"featured_media":206762,"comment_status":"","ping_status":"","sticky":false,"template":"","format":"standard","meta":{"footnotes":""},"categories":[10],"tags":[27,28,15,16,14,25,26,21,22,12,13,19,20,32,23,24,33,17,18,29,30,31],"class_list":{"0":"post-206761","1":"post","2":"type-post","3":"status-publish","4":"format-standard","5":"has-post-thumbnail","7":"category-portugal","8":"tag-breaking-news","9":"tag-breakingnews","10":"tag-featured-news","11":"tag-featurednews","12":"tag-headlines","13":"tag-latest-news","14":"tag-latestnews","15":"tag-main-news","16":"tag-mainnews","17":"tag-news","18":"tag-noticias","19":"tag-noticias-principais","20":"tag-noticiasprincipais","21":"tag-portugal","22":"tag-principais-noticias","23":"tag-principaisnoticias","24":"tag-pt","25":"tag-top-stories","26":"tag-topstories","27":"tag-ultimas","28":"tag-ultimas-noticias","29":"tag-ultimasnoticias"},"share_on_mastodon":{"url":"https:\/\/pubeurope.com\/@pt\/115804287124478545","error":""},"_links":{"self":[{"href":"https:\/\/www.europesays.com\/pt\/wp-json\/wp\/v2\/posts\/206761","targetHints":{"allow":["GET"]}}],"collection":[{"href":"https:\/\/www.europesays.com\/pt\/wp-json\/wp\/v2\/posts"}],"about":[{"href":"https:\/\/www.europesays.com\/pt\/wp-json\/wp\/v2\/types\/post"}],"author":[{"embeddable":true,"href":"https:\/\/www.europesays.com\/pt\/wp-json\/wp\/v2\/users\/2"}],"replies":[{"embeddable":true,"href":"https:\/\/www.europesays.com\/pt\/wp-json\/wp\/v2\/comments?post=206761"}],"version-history":[{"count":0,"href":"https:\/\/www.europesays.com\/pt\/wp-json\/wp\/v2\/posts\/206761\/revisions"}],"wp:featuredmedia":[{"embeddable":true,"href":"https:\/\/www.europesays.com\/pt\/wp-json\/wp\/v2\/media\/206762"}],"wp:attachment":[{"href":"https:\/\/www.europesays.com\/pt\/wp-json\/wp\/v2\/media?parent=206761"}],"wp:term":[{"taxonomy":"category","embeddable":true,"href":"https:\/\/www.europesays.com\/pt\/wp-json\/wp\/v2\/categories?post=206761"},{"taxonomy":"post_tag","embeddable":true,"href":"https:\/\/www.europesays.com\/pt\/wp-json\/wp\/v2\/tags?post=206761"}],"curies":[{"name":"wp","href":"https:\/\/api.w.org\/{rel}","templated":true}]}}