{"id":206763,"date":"2025-12-29T18:32:08","date_gmt":"2025-12-29T18:32:08","guid":{"rendered":"https:\/\/www.europesays.com\/pt\/206763\/"},"modified":"2025-12-29T18:32:08","modified_gmt":"2025-12-29T18:32:08","slug":"ventura-tem-novo-cartaz-as-minorias-do-costume-tem-de-cumprir-a-lei-direitos-humanos","status":"publish","type":"post","link":"https:\/\/www.europesays.com\/pt\/206763\/","title":{"rendered":"Ventura tem novo cartaz: \u201cAs minorias \u2018do costume\u2019 t\u00eam de cumprir a lei\u201d | Direitos humanos"},"content":{"rendered":"<p>O l\u00edder do Chega, Andr\u00e9 Ventura, tem um novo cartaz. E \u00e9 muito parecido com os anteriores, que foram mandados retirar h\u00e1 uma semana por ordem judicial mas que ainda se mant\u00eam no terreno. Diz: \u201cAs minorias \u2018do costume\u2019 t\u00eam de cumprir a lei\u201d. Os anteriores afirmam que os ciganos t\u00eam de cumprir a lei.<\/p>\n<p>\u201cE assim, ser\u00e1 que pode ser ou tamb\u00e9m v\u00e3o ficar melindrados?\u201d, pergunta o candidato a Presidente da Rep\u00fablica nas redes sociais, onde colocou um v\u00eddeo seu a acabar de pendurar o novo cartaz, que foi colocado \u00e0 entrada de Vila Nova de Milfontes, localidade alentejana onde o l\u00edder do Chega est\u00e1 a promover esta segunda-feira uma arruada.<\/p>\n<p>Termina amanh\u00e3 o prazo dado h\u00e1 uma semana a Andr\u00e9 Ventura pelo tribunal c\u00edvel de Lisboa para retirar os outdoors anteriores. Andr\u00e9 Ventura quer que os cartazes que deram origem \u00e0 sua <a href=\"https:\/\/www.publico.pt\/2025\/12\/22\/sociedade\/noticia\/tribunal-ordena-andre-ventura-retire-cartazes-comunidade-cigana-2158961\" rel=\"nofollow noopener\" target=\"_blank\">condena\u00e7\u00e3o<\/a> se possam manter na rua at\u00e9 ser decidido o recurso que vai apresentar para o tribunal de segunda inst\u00e2ncia, raz\u00e3o pela qual ainda n\u00e3o os removeu. Mas entretanto foi preparando o terreno para a eventualidade de ter de os tirar ensaiando esta segunda mensagem.<\/p>\n<p>Na senten\u00e7a que proferiu no passado dia 22 de Dezembro, a ju\u00edza do tribunal c\u00edvel de Lisboa Ana Brand\u00e3o defendeu que a mensagem inicial era uma afronta ao direito \u00e0 honra, ao bom nome e \u00e0 reputa\u00e7\u00e3o dos queixosos, seis pessoas de etnia cigana que resolveram desencadear a ac\u00e7\u00e3o judicial. E deitava por terra os argumentos de <a href=\"https:\/\/www.publico.pt\/2025\/12\/18\/sociedade\/noticia\/andre-ventura-ordenar-retirada-cartazes-precedente-gravissimo-2158557\" rel=\"nofollow noopener\" target=\"_blank\">Andr\u00e9 Ventura<\/a> baseados na liberdade de express\u00e3o, lembrando que a Conven\u00e7\u00e3o Europeia dos Direitos Humanos que pro\u00edbe a discrimina\u00e7\u00e3o em fun\u00e7\u00e3o da ra\u00e7a ou etnia. A frase usada por Ventura &#8220;\u00e9 grave&#8221;, argumentava a magistrada, &#8220;porque foi reflectida (n\u00e3o foi proferida no calor de um debate pol\u00edtico)&#8221;, &#8221; pensada para causar um espec\u00edfico impacto social relativamente a um grupo social (impacto esse negativo, porque discrimina uma etnia)&#8221;.<\/p>\n<p>Dizia tamb\u00e9m que a op\u00e7\u00e3o por outdoors n\u00e3o foi inocente. &#8220;O r\u00e9u sabe que colocou os cartazes em diversas localidades, na via p\u00fablica, e que os mesmos ser\u00e3o lidos, no sentido por si desejado, por in\u00fameras pessoas (como admitiu em julgamento, colocou os cartazes em zonas de maior impacto e visibilidade eleitoral).&#8221;<br \/>E escreveu que a afirma\u00e7\u00e3o &#8220;agrava o estigma e preconceito de que as comunidades ciganas j\u00e1 s\u00e3o alvo na sociedade portuguesa em geral, fomentando assim a intoler\u00e2ncia, a segrega\u00e7\u00e3o, a discrimina\u00e7\u00e3o e, no limite, o \u00f3dio&#8221;, o que \u00e9 agravado pelo facto de Andr\u00e9 Ventura ser uma figura p\u00fablica, representante de um partido com assento parlamentar. &#8220;N\u00e3o pode deixar de saber que a sua convic\u00e7\u00e3o assenta em ideias discriminat\u00f3rias e atenta contra uma minoria \u00e9tnica\u200b&#8221;, acrescentava.<\/p>\n<p>Para o presidente do Conselho Regional de Lisboa da Ordem dos Advogados, Telmo Semi\u00e3o, ao n\u00e3o se focar numa minoria espec\u00edfica, a nova mensagem do l\u00edder do partido populista de extrema-direita torna-se menos suscept\u00edvel de incorrer na viola\u00e7\u00e3o da lei do que a primeira \u2013 uma vez que \u201cminoria do costume\u201d \u00e9 uma express\u00e3o que n\u00e3o remete para nenhuma comunidade em especial, seja ela religiosa, \u00e9tnica ou de orienta\u00e7\u00e3o sexual. Isto, acrescenta o jurista, muito embora a mensagem com que <a href=\"https:\/\/www.publico.pt\/2025\/11\/10\/politica\/noticia\/ventura-accao-judicial-obrigar-retirar-cartazes-jogada-politica-2154116\" rel=\"nofollow noopener\" target=\"_blank\">Andr\u00e9 Ventura<\/a> acompanha o cartaz, \u201cE assim, ser\u00e1 que pode ser ou tamb\u00e9m v\u00e3o ficar melindrados?\u201d, remeta necessariamente para o primeiro outdoor, esse sim dedicado aos ciganos.<\/p>\n<p>\u201cTalvez a nova mensagem j\u00e1 se consiga enquadrar no direito \u00e0 liberdade de express\u00e3o\u201d, equaciona Telmo Semi\u00e3o. \u201cPode ser uma maneira de dar a volta \u00e0 situa\u00e7\u00e3o sem ser penalizado.\u201d<\/p>\n","protected":false},"excerpt":{"rendered":"O l\u00edder do Chega, Andr\u00e9 Ventura, tem um novo cartaz. E \u00e9 muito parecido com os anteriores, que&hellip;\n","protected":false},"author":2,"featured_media":206764,"comment_status":"","ping_status":"","sticky":false,"template":"","format":"standard","meta":{"footnotes":""},"categories":[8],"tags":[3386,27,28,3026,15,16,14,603,25,26,21,22,32343,12,13,19,20,52,32,23,24,33,11099,58,17,18,12757,29,30,31,33325],"class_list":{"0":"post-206763","1":"post","2":"type-post","3":"status-publish","4":"format-standard","5":"has-post-thumbnail","7":"category-principais-noticias","8":"tag-andre-ventura","9":"tag-breaking-news","10":"tag-breakingnews","11":"tag-direitos-humanos","12":"tag-featured-news","13":"tag-featurednews","14":"tag-headlines","15":"tag-justica","16":"tag-latest-news","17":"tag-latestnews","18":"tag-main-news","19":"tag-mainnews","20":"tag-minorias","21":"tag-news","22":"tag-noticias","23":"tag-noticias-principais","24":"tag-noticiasprincipais","25":"tag-politica","26":"tag-portugal","27":"tag-principais-noticias","28":"tag-principaisnoticias","29":"tag-pt","30":"tag-racismo","31":"tag-sociedade","32":"tag-top-stories","33":"tag-topstories","34":"tag-tribunais","35":"tag-ultimas","36":"tag-ultimas-noticias","37":"tag-ultimasnoticias","38":"tag-vila-nova-de-milfontes"},"share_on_mastodon":{"url":"","error":"Validation failed: Text character limit of 500 exceeded"},"_links":{"self":[{"href":"https:\/\/www.europesays.com\/pt\/wp-json\/wp\/v2\/posts\/206763","targetHints":{"allow":["GET"]}}],"collection":[{"href":"https:\/\/www.europesays.com\/pt\/wp-json\/wp\/v2\/posts"}],"about":[{"href":"https:\/\/www.europesays.com\/pt\/wp-json\/wp\/v2\/types\/post"}],"author":[{"embeddable":true,"href":"https:\/\/www.europesays.com\/pt\/wp-json\/wp\/v2\/users\/2"}],"replies":[{"embeddable":true,"href":"https:\/\/www.europesays.com\/pt\/wp-json\/wp\/v2\/comments?post=206763"}],"version-history":[{"count":0,"href":"https:\/\/www.europesays.com\/pt\/wp-json\/wp\/v2\/posts\/206763\/revisions"}],"wp:featuredmedia":[{"embeddable":true,"href":"https:\/\/www.europesays.com\/pt\/wp-json\/wp\/v2\/media\/206764"}],"wp:attachment":[{"href":"https:\/\/www.europesays.com\/pt\/wp-json\/wp\/v2\/media?parent=206763"}],"wp:term":[{"taxonomy":"category","embeddable":true,"href":"https:\/\/www.europesays.com\/pt\/wp-json\/wp\/v2\/categories?post=206763"},{"taxonomy":"post_tag","embeddable":true,"href":"https:\/\/www.europesays.com\/pt\/wp-json\/wp\/v2\/tags?post=206763"}],"curies":[{"name":"wp","href":"https:\/\/api.w.org\/{rel}","templated":true}]}}