{"id":206773,"date":"2025-12-29T18:40:15","date_gmt":"2025-12-29T18:40:15","guid":{"rendered":"https:\/\/www.europesays.com\/pt\/206773\/"},"modified":"2025-12-29T18:40:15","modified_gmt":"2025-12-29T18:40:15","slug":"alerta-veja-a-lista-com-16-bairros-com-alto-risco-de-transmissao-de-dengue","status":"publish","type":"post","link":"https:\/\/www.europesays.com\/pt\/206773\/","title":{"rendered":"Alerta: veja a lista com 16 bairros com alto risco de transmiss\u00e3o de dengue"},"content":{"rendered":"<p>A <strong>Secretaria de Sa\u00fade de Campinas<\/strong> divulgou nesta <strong>segunda-feira (29)<\/strong> uma <strong>nova lista com 16 bairros classificados como de alto risco de transmiss\u00e3o da dengue<\/strong>. Al\u00e9m da atualiza\u00e7\u00e3o, a pasta informou que ir\u00e1 <strong>intensificar as a\u00e7\u00f5es de combate ao mosquito Aedes aegypti<\/strong>, transmissor da dengue, zika e chikungunya, nessas regi\u00f5es.<\/p>\n<p>De acordo com o <strong>Painel de Arboviroses da Prefeitura de Campinas<\/strong>, tamb\u00e9m atualizado nesta segunda, o munic\u00edpio soma <strong>45.416 casos confirmados de dengue em 2025<\/strong>, com <strong>27 mortes<\/strong> registradas at\u00e9 o momento.<\/p>\n<p>Bairros com alto risco de dengue em Campinas<\/p>\n<p>Confira a lista divulgada pela Secretaria de Sa\u00fade, organizada por regi\u00e3o da cidade:<\/p>\n<p><strong> Regi\u00e3o Leste<\/strong><\/p>\n<p><strong> Regi\u00e3o Noroeste<\/strong><\/p>\n<ul class=\"wp-block-list\">\n<li>Parque Floresta<\/li>\n<li>Conjunto Residencial Parque S\u00e3o Bento<\/li>\n<\/ul>\n<p><strong> Regi\u00e3o Norte<\/strong><\/p>\n<ul class=\"wp-block-list\">\n<li>Real Parque<\/li>\n<li>Jardim S\u00e3o Gon\u00e7alo<\/li>\n<\/ul>\n<p><strong> Regi\u00e3o Sudoeste<\/strong><\/p>\n<ul class=\"wp-block-list\">\n<li>Jardim Rosalina<\/li>\n<li>Jardim Melina<\/li>\n<li>DIC VI<\/li>\n<\/ul>\n<p><strong> Regi\u00e3o Sul<\/strong><\/p>\n<ul class=\"wp-block-list\">\n<li>Jardim Monte Cristo<\/li>\n<li>Parque Oziel<\/li>\n<li>Jardim do Lago Continua\u00e7\u00e3o<\/li>\n<\/ul>\n<p><strong> Regi\u00e3o Sudeste<\/strong><\/p>\n<ul class=\"wp-block-list\">\n<li>Jardim S\u00e3o Gabriel<\/li>\n<li>Jardim S\u00e3o Vicente<\/li>\n<li>Vila Formosa<\/li>\n<li>Jardim Bom Sucesso<\/li>\n<li>Parque Centen\u00e1rio<\/li>\n<\/ul>\n<p> Alerta vale tamb\u00e9m para bairros do entorno<\/p>\n<p>Segundo a Prefeitura de Campinas, o objetivo do alerta \u00e9 <strong>refor\u00e7ar os cuidados para eliminar poss\u00edveis criadouros do mosquito<\/strong> e <strong>ampliar a comunica\u00e7\u00e3o com os moradores<\/strong>, garantindo o acesso dos agentes de sa\u00fade aos im\u00f3veis.<\/p>\n<p>Os crit\u00e9rios utilizados para definir as \u00e1reas de risco incluem:<\/p>\n<ul class=\"wp-block-list\">\n<li>Incid\u00eancia de casos de dengue<\/li>\n<li>Registros recentes de transmiss\u00e3o<\/li>\n<li>Dificuldade de acesso a im\u00f3veis<\/li>\n<li>Densidade populacional<\/li>\n<li>Necessidade de refor\u00e7o nas a\u00e7\u00f5es de campo<\/li>\n<\/ul>\n<p>O alerta tamb\u00e9m se estende aos <strong>bairros localizados no entorno das regi\u00f5es listadas<\/strong>.<\/p>\n<p>Aten\u00e7\u00e3o dentro de casa: maioria dos focos est\u00e1 nos im\u00f3veis<\/p>\n<p>Um levantamento da <strong>Secretaria de Estado da Sa\u00fade<\/strong> aponta que <strong>80% dos criadouros do mosquito da dengue est\u00e3o dentro das resid\u00eancias<\/strong>.<\/p>\n<p>Para evitar a prolifera\u00e7\u00e3o do Aedes aegypti, a orienta\u00e7\u00e3o \u00e9:<\/p>\n<ul class=\"wp-block-list\">\n<li>Evitar o ac\u00famulo de \u00e1gua em latas, pneus e recipientes<\/li>\n<li>Trocar a \u00e1gua dos vasos de plantas a cada dois dias<\/li>\n<li>Retirar ou lavar o pratinho com bucha, \u00e1gua e sab\u00e3o semanalmente<\/li>\n<li>Manter caixas-d\u2019\u00e1gua bem vedadas<\/li>\n<li>Deixar vasos sanit\u00e1rios pouco usados sempre fechados<\/li>\n<\/ul>\n<p> Como identificar os agentes de sa\u00fade<\/p>\n<p>Em caso de d\u00favidas sobre a identidade dos agentes que realizam as visitas:<\/p>\n<ul class=\"wp-block-list\">\n<li><strong>Telefone 156<\/strong> \u2013 atendimento de segunda a sexta-feira<\/li>\n<li><strong>Defesa Civil: 199<\/strong> \u2013 fins de semana e feriados<\/li>\n<\/ul>\n<p><strong>Fique ON<\/strong><\/p>\n<p><strong>Quer ficar ligado em tudo o que rola em Campinas?<\/strong>\u00a0Siga o\u00a0<a href=\"https:\/\/www.instagram.com\/acidadeoncampinas\/\" target=\"_blank\" rel=\"noreferrer noopener nofollow\"><strong>perfil do acidade on Campinas no Instagram<\/strong>\u00a0<\/a>e tamb\u00e9m no\u00a0<a href=\"https:\/\/www.facebook.com\/acidadeoncampinas\/\" target=\"_blank\" rel=\"noreferrer noopener nofollow\"><strong>Facebook<\/strong><\/a>.<\/p>\n<p>Receba not\u00edcias do\u00a0<strong>acidade on Campinas\u00a0<\/strong>no WhatsApp e fique por dentro de tudo! Basta acessar o link\u00a0<strong><a href=\"https:\/\/www.whatsapp.com\/channel\/0029Vb5uWWK8PgsF3V3ruy35\" target=\"_blank\" rel=\"noreferrer noopener nofollow\">aqui<\/a>!<\/strong><\/p>\n<p><strong>Fa\u00e7a uma den\u00fancia ou sugira uma reportagem sobre Campinas e regi\u00e3o por meio do WhatsApp do acidade on Campinas: (19) 97159-8294<\/strong>.<\/p>\n<p>Tamb\u00e9m estamos on no\u00a0<strong><a href=\"https:\/\/www.threads.com\/@acidadeoncampinas\" target=\"_blank\" rel=\"noreferrer noopener nofollow\">Threads\u00a0<\/a><\/strong>e no\u00a0<strong><a href=\"https:\/\/www.youtube.com\/@ACidadeONoficial\" target=\"_blank\" rel=\"noreferrer noopener nofollow\">Youtube<\/a><\/strong>.<\/p>\n<p><strong>LEIA MAIS<\/strong><\/p>\n<p><strong><a href=\"https:\/\/www.acidadeon.com\/campinas\/cotidiano\/mais-da-metade-dos-adultos-em-sao-paulo-esta-endividada-e-com-nome-negativado-aponta-levantamento\/\" rel=\"nofollow noopener\" target=\"_blank\">Mais da metade dos adultos em S\u00e3o Paulo est\u00e1 endividada e com nome negativado, aponta levantamento<\/a><\/strong><\/p>\n<p><strong><a href=\"https:\/\/www.acidadeon.com\/campinas\/cotidiano\/video-motociclista-morre-apos-ser-atingido-por-carro-que-nao-acionou-a-seta\/\" rel=\"nofollow noopener\" target=\"_blank\">V\u00cdDEO: motociclista morre ap\u00f3s ser atingido por carro que n\u00e3o acionou a seta<\/a><\/strong><\/p>\n<p><strong><a href=\"https:\/\/www.acidadeon.com\/campinas\/cotidiano\/semana-do-ano-novo-comeca-com-alerta-para-tempestades-em-todo-o-estado-de-sp-veja-areas-mais-afetadas\/\" rel=\"nofollow noopener\" target=\"_blank\">Semana do Ano Novo come\u00e7a com alerta para tempestades em todo o estado de SP; veja \u00e1reas mais afetadas<\/a><\/strong><\/p>\n<p><script async src=\"\/\/www.instagram.com\/embed.js\"><\/script><\/p>\n","protected":false},"excerpt":{"rendered":"A Secretaria de Sa\u00fade de Campinas divulgou nesta segunda-feira (29) uma nova lista com 16 bairros classificados como&hellip;\n","protected":false},"author":2,"featured_media":206774,"comment_status":"","ping_status":"","sticky":false,"template":"","format":"standard","meta":{"footnotes":""},"categories":[86],"tags":[1891,116,32,33,117],"class_list":{"0":"post-206773","1":"post","2":"type-post","3":"status-publish","4":"format-standard","5":"has-post-thumbnail","7":"category-saude","8":"tag-dengue","9":"tag-health","10":"tag-portugal","11":"tag-pt","12":"tag-saude"},"share_on_mastodon":{"url":"https:\/\/pubeurope.com\/@pt\/115804322375532347","error":""},"_links":{"self":[{"href":"https:\/\/www.europesays.com\/pt\/wp-json\/wp\/v2\/posts\/206773","targetHints":{"allow":["GET"]}}],"collection":[{"href":"https:\/\/www.europesays.com\/pt\/wp-json\/wp\/v2\/posts"}],"about":[{"href":"https:\/\/www.europesays.com\/pt\/wp-json\/wp\/v2\/types\/post"}],"author":[{"embeddable":true,"href":"https:\/\/www.europesays.com\/pt\/wp-json\/wp\/v2\/users\/2"}],"replies":[{"embeddable":true,"href":"https:\/\/www.europesays.com\/pt\/wp-json\/wp\/v2\/comments?post=206773"}],"version-history":[{"count":0,"href":"https:\/\/www.europesays.com\/pt\/wp-json\/wp\/v2\/posts\/206773\/revisions"}],"wp:featuredmedia":[{"embeddable":true,"href":"https:\/\/www.europesays.com\/pt\/wp-json\/wp\/v2\/media\/206774"}],"wp:attachment":[{"href":"https:\/\/www.europesays.com\/pt\/wp-json\/wp\/v2\/media?parent=206773"}],"wp:term":[{"taxonomy":"category","embeddable":true,"href":"https:\/\/www.europesays.com\/pt\/wp-json\/wp\/v2\/categories?post=206773"},{"taxonomy":"post_tag","embeddable":true,"href":"https:\/\/www.europesays.com\/pt\/wp-json\/wp\/v2\/tags?post=206773"}],"curies":[{"name":"wp","href":"https:\/\/api.w.org\/{rel}","templated":true}]}}