{"id":206781,"date":"2025-12-29T18:44:17","date_gmt":"2025-12-29T18:44:17","guid":{"rendered":"https:\/\/www.europesays.com\/pt\/206781\/"},"modified":"2025-12-29T18:44:17","modified_gmt":"2025-12-29T18:44:17","slug":"macron-acusa-moscovo-de-prolongar-guerra-na-ucrania-observador","status":"publish","type":"post","link":"https:\/\/www.europesays.com\/pt\/206781\/","title":{"rendered":"Macron acusa Moscovo de prolongar guerra na Ucr\u00e2nia \u2013 Observador"},"content":{"rendered":"<p><a href=\"https:\/\/observador.pt\/liveblogs\/kiev-debaixo-de-fogo-durante-a-noite-poe-aviacao-polaco-de-prevencao\/\" rel=\"nofollow noopener\" target=\"_blank\">Siga aqui o nosso artigo em direto sobre a Guerra na Ucr\u00e2nia<\/a><\/p>\n<p>O presidente franc\u00eas, Emmanuel Macron, condenou este s\u00e1bado os ataques a\u00e9reos da R\u00fassia contra a cidade de Kiev e a regi\u00e3o circundante, durante uma conversa telef\u00f3nica entre l\u00edderes europeus e o presidente ucraniano, Volodymyr Zelensky.<\/p>\n<p>Segundo fontes pr\u00f3ximas do Pal\u00e1cio do Eliseu, citadas pela AFP, Macron afirmou que a escalada russa contra a capital ucraniana ilustra o \u201ccontraste\u201d entre \u201ca vontade da Ucr\u00e2nia de construir uma paz duradoura e a determina\u00e7\u00e3o da R\u00fassia em prolongar a guerra que iniciou\u201d em fevereiro de 2022.<\/p>\n<p>O presidente ucraniano, Volodymyr Zelensky, encontra-se em Halifax, no Canad\u00e1, para conversa\u00e7\u00f5es com o primeiro-ministro canadiano, Mark Carney, de onde partir\u00e1 para um encontro com o presidente dos EUA, Donald Trump, a decorrer domingo, na Florida.<\/p>\n<p>Pelo menos 11 pessoas ficaram feridas na madrugada deste s\u00e1bado, num ataque russo com m\u00edsseis e drones\u00a0contra a capital ucraniana.<\/p>\n<p>Explos\u00f5es foram ouvidas durante v\u00e1rias horas, quando m\u00edsseis bal\u00edsticos e drones atingiram diferentes pontos da cidade.<\/p>\n<p>Tamb\u00e9m Mark Carney condenou este s\u00e1bado os ataques russos durante a noite a Kiev, insistindo que qualquer acordo de paz na Ucr\u00e2nia necessita de \u201cuma R\u00fassia pronta a cooperar\u201d.<\/p>\n<p>\u201cN\u00f3s temos os meios e a possibilidade de [obter] uma paz justa e duradoura, mas isso necessita de uma R\u00fassia pronta a cooperar\u201d, declarou, numa breve troca de palavras com a imprensa, ladeado por Volodymyr Zelensky, em Halifax.<\/p>\n","protected":false},"excerpt":{"rendered":"Siga aqui o nosso artigo em direto sobre a Guerra na Ucr\u00e2nia O presidente franc\u00eas, Emmanuel Macron, condenou&hellip;\n","protected":false},"author":2,"featured_media":206782,"comment_status":"","ping_status":"","sticky":false,"template":"","format":"standard","meta":{"footnotes":""},"categories":[50],"tags":[27,28,447,445,15,16,2104,1123,14,25,26,21,22,62,12,13,19,20,23,24,17,18,1124,29,30,31,63,64,65],"class_list":{"0":"post-206781","1":"post","2":"type-post","3":"status-publish","4":"format-standard","5":"has-post-thumbnail","7":"category-mundo","8":"tag-breaking-news","9":"tag-breakingnews","10":"tag-emmanuel-macron","11":"tag-europa","12":"tag-featured-news","13":"tag-featurednews","14":"tag-franu00e7a","15":"tag-guerra-na-ucru00e2nia","16":"tag-headlines","17":"tag-latest-news","18":"tag-latestnews","19":"tag-main-news","20":"tag-mainnews","21":"tag-mundo","22":"tag-news","23":"tag-noticias","24":"tag-noticias-principais","25":"tag-noticiasprincipais","26":"tag-principais-noticias","27":"tag-principaisnoticias","28":"tag-top-stories","29":"tag-topstories","30":"tag-ucru00e2nia","31":"tag-ultimas","32":"tag-ultimas-noticias","33":"tag-ultimasnoticias","34":"tag-world","35":"tag-world-news","36":"tag-worldnews"},"share_on_mastodon":{"url":"https:\/\/pubeurope.com\/@pt\/115804337854674849","error":""},"_links":{"self":[{"href":"https:\/\/www.europesays.com\/pt\/wp-json\/wp\/v2\/posts\/206781","targetHints":{"allow":["GET"]}}],"collection":[{"href":"https:\/\/www.europesays.com\/pt\/wp-json\/wp\/v2\/posts"}],"about":[{"href":"https:\/\/www.europesays.com\/pt\/wp-json\/wp\/v2\/types\/post"}],"author":[{"embeddable":true,"href":"https:\/\/www.europesays.com\/pt\/wp-json\/wp\/v2\/users\/2"}],"replies":[{"embeddable":true,"href":"https:\/\/www.europesays.com\/pt\/wp-json\/wp\/v2\/comments?post=206781"}],"version-history":[{"count":0,"href":"https:\/\/www.europesays.com\/pt\/wp-json\/wp\/v2\/posts\/206781\/revisions"}],"wp:featuredmedia":[{"embeddable":true,"href":"https:\/\/www.europesays.com\/pt\/wp-json\/wp\/v2\/media\/206782"}],"wp:attachment":[{"href":"https:\/\/www.europesays.com\/pt\/wp-json\/wp\/v2\/media?parent=206781"}],"wp:term":[{"taxonomy":"category","embeddable":true,"href":"https:\/\/www.europesays.com\/pt\/wp-json\/wp\/v2\/categories?post=206781"},{"taxonomy":"post_tag","embeddable":true,"href":"https:\/\/www.europesays.com\/pt\/wp-json\/wp\/v2\/tags?post=206781"}],"curies":[{"name":"wp","href":"https:\/\/api.w.org\/{rel}","templated":true}]}}