{"id":206783,"date":"2025-12-29T18:45:17","date_gmt":"2025-12-29T18:45:17","guid":{"rendered":"https:\/\/www.europesays.com\/pt\/206783\/"},"modified":"2025-12-29T18:45:17","modified_gmt":"2025-12-29T18:45:17","slug":"tempos-de-espera-aumentam-pelas-urgencias-de-todo-o-pais","status":"publish","type":"post","link":"https:\/\/www.europesays.com\/pt\/206783\/","title":{"rendered":"Tempos de espera aumentam pelas urg\u00eancias de todo o pa\u00eds"},"content":{"rendered":"<p>                Com as urg\u00eancias de obstetr\u00edcia fechadas em Portim\u00e3o, Barreiro, Santar\u00e9m e Abrantes, tam\u00e9m nas\u00a0urg\u00eancias gerais se enfrentam este domingo fortes dificuldades, com o aumento dos tempos de espera um pouco por todo o pa\u00eds.<\/p>\n<p>Ao in\u00edcio da manh\u00e3, os doentes urgentes esperavam nove horas para uma primeira observa\u00e7\u00e3o tanto a norte &#8211; no Hospital de Penafiel &#8211; como a sul &#8211; no Santa Maria, em Lisboa. <\/p>\n<p>No entanto, continua a ser o Amadora-Sintra o hospital que mais dificuldades enfrenta no atendimento dos utentes.&#13;\n<\/p>\n<p>Os doentes com pulseiras amarelas esperam 18 horas e meia para serem atendidos no Hospital Fernando Fonseca, conhecido como Hospital Amadora-Sintra, unidade que serve muitos milhares de pessoas.<\/p>\n","protected":false},"excerpt":{"rendered":"Com as urg\u00eancias de obstetr\u00edcia fechadas em Portim\u00e3o, Barreiro, Santar\u00e9m e Abrantes, tam\u00e9m nas\u00a0urg\u00eancias gerais se enfrentam este&hellip;\n","protected":false},"author":2,"featured_media":206784,"comment_status":"","ping_status":"","sticky":false,"template":"","format":"standard","meta":{"footnotes":""},"categories":[10],"tags":[27,28,15,16,14,25,26,21,22,12,13,19,20,32,23,24,33,420,421,17,18,29,30,31],"class_list":{"0":"post-206783","1":"post","2":"type-post","3":"status-publish","4":"format-standard","5":"has-post-thumbnail","7":"category-portugal","8":"tag-breaking-news","9":"tag-breakingnews","10":"tag-featured-news","11":"tag-featurednews","12":"tag-headlines","13":"tag-latest-news","14":"tag-latestnews","15":"tag-main-news","16":"tag-mainnews","17":"tag-news","18":"tag-noticias","19":"tag-noticias-principais","20":"tag-noticiasprincipais","21":"tag-portugal","22":"tag-principais-noticias","23":"tag-principaisnoticias","24":"tag-pt","25":"tag-rtp","26":"tag-rtp-noticias","27":"tag-top-stories","28":"tag-topstories","29":"tag-ultimas","30":"tag-ultimas-noticias","31":"tag-ultimasnoticias"},"share_on_mastodon":{"url":"https:\/\/pubeurope.com\/@pt\/115804341743456323","error":""},"_links":{"self":[{"href":"https:\/\/www.europesays.com\/pt\/wp-json\/wp\/v2\/posts\/206783","targetHints":{"allow":["GET"]}}],"collection":[{"href":"https:\/\/www.europesays.com\/pt\/wp-json\/wp\/v2\/posts"}],"about":[{"href":"https:\/\/www.europesays.com\/pt\/wp-json\/wp\/v2\/types\/post"}],"author":[{"embeddable":true,"href":"https:\/\/www.europesays.com\/pt\/wp-json\/wp\/v2\/users\/2"}],"replies":[{"embeddable":true,"href":"https:\/\/www.europesays.com\/pt\/wp-json\/wp\/v2\/comments?post=206783"}],"version-history":[{"count":0,"href":"https:\/\/www.europesays.com\/pt\/wp-json\/wp\/v2\/posts\/206783\/revisions"}],"wp:featuredmedia":[{"embeddable":true,"href":"https:\/\/www.europesays.com\/pt\/wp-json\/wp\/v2\/media\/206784"}],"wp:attachment":[{"href":"https:\/\/www.europesays.com\/pt\/wp-json\/wp\/v2\/media?parent=206783"}],"wp:term":[{"taxonomy":"category","embeddable":true,"href":"https:\/\/www.europesays.com\/pt\/wp-json\/wp\/v2\/categories?post=206783"},{"taxonomy":"post_tag","embeddable":true,"href":"https:\/\/www.europesays.com\/pt\/wp-json\/wp\/v2\/tags?post=206783"}],"curies":[{"name":"wp","href":"https:\/\/api.w.org\/{rel}","templated":true}]}}