{"id":206787,"date":"2025-12-29T18:47:11","date_gmt":"2025-12-29T18:47:11","guid":{"rendered":"https:\/\/www.europesays.com\/pt\/206787\/"},"modified":"2025-12-29T18:47:11","modified_gmt":"2025-12-29T18:47:11","slug":"com-fortuna-de-r-20-milhoes-cantor-mora-em-hotel-luxuoso-no-rj","status":"publish","type":"post","link":"https:\/\/www.europesays.com\/pt\/206787\/","title":{"rendered":"Com fortuna de R$ 20 milh\u00f5es, cantor mora em hotel luxuoso no RJ"},"content":{"rendered":"<p>Dono de uma carreira de sucesso,\u00a0<a href=\"https:\/\/caras.com.br\/tags\/jorge-ben-jor\" rel=\"nofollow noopener\" target=\"_blank\"><strong>Jorge Ben Jor<\/strong><\/a> (86) acumula sucessos em sua trajet\u00f3ria. Recentemente, o nome do artista ficou sob os holofotes por sua participa\u00e7\u00e3o no especial de Natal de\u00a0<a href=\"https:\/\/caras.com.br\/tags\/roberto-carlos\" rel=\"nofollow noopener\" target=\"_blank\"><strong>Roberto Carlos<\/strong><\/a> (84), exibido na Globo no dia 23 e reprisado pela emissora neste domingo, 28.<\/p>\n<p>O m\u00fasico, nascido no Rio de Janeiro, mora no hotel Copacabana Palace desde 2018 e, desde ent\u00e3o, n\u00e3o se sabe o valor exato que ele paga pela moradia. De acordo com o <a href=\"https:\/\/folhaeconomica.com.br\/fortuna-patrimonio-jorge-ben-jor\/\" rel=\"nofollow noopener\" target=\"_blank\">portal Folha Econ\u00f4mica<\/a>, o cantor \u00e9 dono de uma fortuna estimada em R$ 20 milh\u00f5es, recebendo um sal\u00e1rio que se aproxima ao R$ 1 milh\u00e3o mensalmente.<\/p>\n<p> Por que o cantor mora em um hotel? <\/p>\n<p><a href=\"https:\/\/caras.com.br\/casa-dos-famosos\/por-que-jorge-ben-mora-no-copacabana-palace-musico-passou-por-tragedia.phtml\" rel=\"nofollow noopener\" target=\"_blank\">A decis\u00e3o veio ap\u00f3s a fam\u00edlia de Ben Jor passar por uma trag\u00e9dia<\/a>. \u00c0 \u00e9poca, o cantor vivia com\u00a0<strong>Domingas<\/strong>, m\u00e3e de seus dois filhos, <strong>Gabriel\u00a0<\/strong>e\u00a0<strong>Tomaso<\/strong>, em uma casa na Barra da Tijuca, zona oeste do Rio de Janeiro, e, durante uma reforma, o im\u00f3vel foi inundado por uma chuva torrencial foi parcialmente destru\u00eddo.<\/p>\n<p><strong>Leia tamb\u00e9m<\/strong>: <a href=\"https:\/\/caras.com.br\/musica\/lista-os-10-shows-que-reuniram-multidoes-na-praia-de-copacabana.phtml\" rel=\"nofollow noopener\" target=\"_blank\">De Jorge Ben Jor a Lady Gaga: Os 10 shows que reuniram multid\u00f5es na Praia de Copacabana<\/a><\/p>\n<p>\u201cBotei minha casa para reformar e fui morar no Copacabana Palace. Quando caiu um tsunami de chuva, n\u00e3o tinha ningu\u00e9m em casa, esqueceram de fechar e a \u00e1gua invadiu tudo. Eu n\u00e3o tinha onde morar\u201c, explicou o artista, em entrevista ao podcast W\/ Cast. \u201cOu eu ficava com meu filho Gabriel em Los Angeles, nos Estados Unidos, ou ia para o hotel.\u201d<\/p>\n<p>\u201cMe mudei e estourou a pandemia. O hotel fechou para todo mundo. Ficamos l\u00e1 s\u00f3 eu e a Andrea, que administrava o lugar. Todo mundo saiu de l\u00e1 ou foi mandado embora. S\u00f3 n\u00e3o fechou por nossa causa\u201c, completou o m\u00fasico, citando <strong>Andrea Natal<\/strong>, diretora geral do Grupo Belmond do Brasil, que administra o espa\u00e7o.<\/p>\n<p>O casamento com Domingas acabou em novembro de 2023, ap\u00f3s mais de 50 anos de uni\u00e3o. Os dois se casaram em\u00a06 de agosto de 1971 na Capela de S\u00e3o Pedro e S\u00e3o Paulo, no Morumbi, em S\u00e3o Paulo. Discreto quanto \u00e0 vida pessoal, dois dias antes do cas\u00f3rio, ele havia dado uma esp\u00e9cie de coletiva para desmentir rumores de que iria se casar.<\/p>\n<p> FIQUE POR DENTRO DAS \u00daLTIMAS NOVIDADES ACOMPANHANDO O INSTAGRAM DA CARAS BRASIL: <\/p>\n<blockquote class=\"instagram-media\" style=\"background: #FFF; border: 0; border-radius: 3px; box-shadow: 0 0 1px 0 rgba(0,0,0,0.5),0 1px 10px 0 rgba(0,0,0,0.15); margin: 1px; max-width: 540px; min-width: 326px; padding: 0; width: calc(100% - 2px);\" data-instgrm-captioned=\"\" data-instgrm-permalink=\"https:\/\/www.instagram.com\/reel\/DSs_P_eCY-L\/?utm_source=ig_embed&amp;utm_campaign=loading\" data-instgrm-version=\"14\"><\/blockquote>\n<p>\u00a0<\/p>\n<ul class=\"terms-list post_tag list-inline\">\n<li class=\"copacabana-palace list-inline-item\">\n\t\t\t\t\t<a href=\"https:\/\/caras.com.br\/tags\/copacabana-palace\" class=\"item-category\" rel=\"nofollow noopener\" target=\"_blank\">copacabana palace<\/a>\n\t\t\t\t<\/li>\n<li class=\"jorge-ben-jor list-inline-item\">\n\t\t\t\t\t<a href=\"https:\/\/caras.com.br\/tags\/jorge-ben-jor\" class=\"item-category\" rel=\"nofollow noopener\" target=\"_blank\">Jorge Ben Jor<\/a>\n\t\t\t\t<\/li>\n<\/ul>\n<p>\t                                            <script async src=\"\/\/www.instagram.com\/embed.js\"><\/script><\/p>\n","protected":false},"excerpt":{"rendered":"Dono de uma carreira de sucesso,\u00a0Jorge Ben Jor (86) acumula sucessos em sua trajet\u00f3ria. Recentemente, o nome do&hellip;\n","protected":false},"author":2,"featured_media":206788,"comment_status":"","ping_status":"","sticky":false,"template":"","format":"standard","meta":{"footnotes":""},"categories":[145],"tags":[211,210,25562,114,115,34682,32,33],"class_list":{"0":"post-206787","1":"post","2":"type-post","3":"status-publish","4":"format-standard","5":"has-post-thumbnail","7":"category-celebridades","8":"tag-celebridades","9":"tag-celebrities","10":"tag-copacabana-palace","11":"tag-entertainment","12":"tag-entretenimento","13":"tag-jorge-ben-jor","14":"tag-portugal","15":"tag-pt"},"share_on_mastodon":{"url":"https:\/\/pubeurope.com\/@pt\/115804349662770183","error":""},"_links":{"self":[{"href":"https:\/\/www.europesays.com\/pt\/wp-json\/wp\/v2\/posts\/206787","targetHints":{"allow":["GET"]}}],"collection":[{"href":"https:\/\/www.europesays.com\/pt\/wp-json\/wp\/v2\/posts"}],"about":[{"href":"https:\/\/www.europesays.com\/pt\/wp-json\/wp\/v2\/types\/post"}],"author":[{"embeddable":true,"href":"https:\/\/www.europesays.com\/pt\/wp-json\/wp\/v2\/users\/2"}],"replies":[{"embeddable":true,"href":"https:\/\/www.europesays.com\/pt\/wp-json\/wp\/v2\/comments?post=206787"}],"version-history":[{"count":0,"href":"https:\/\/www.europesays.com\/pt\/wp-json\/wp\/v2\/posts\/206787\/revisions"}],"wp:featuredmedia":[{"embeddable":true,"href":"https:\/\/www.europesays.com\/pt\/wp-json\/wp\/v2\/media\/206788"}],"wp:attachment":[{"href":"https:\/\/www.europesays.com\/pt\/wp-json\/wp\/v2\/media?parent=206787"}],"wp:term":[{"taxonomy":"category","embeddable":true,"href":"https:\/\/www.europesays.com\/pt\/wp-json\/wp\/v2\/categories?post=206787"},{"taxonomy":"post_tag","embeddable":true,"href":"https:\/\/www.europesays.com\/pt\/wp-json\/wp\/v2\/tags?post=206787"}],"curies":[{"name":"wp","href":"https:\/\/api.w.org\/{rel}","templated":true}]}}