{"id":206815,"date":"2025-12-29T19:07:08","date_gmt":"2025-12-29T19:07:08","guid":{"rendered":"https:\/\/www.europesays.com\/pt\/206815\/"},"modified":"2025-12-29T19:07:08","modified_gmt":"2025-12-29T19:07:08","slug":"gustavo-puerta-na-mira-do-fc-porto-e-do-braga","status":"publish","type":"post","link":"https:\/\/www.europesays.com\/pt\/206815\/","title":{"rendered":"Gustavo Puerta na mira do FC Porto e do Braga"},"content":{"rendered":"<p>&#8211; Advertisement &#8211;<\/p>\n<p><strong>O FC Porto e o Braga est\u00e3o de olho na contrata\u00e7\u00e3o de Gustavo Puerta. o m\u00e9dio internacional colombiano de 22 anos est\u00e1 ao servi\u00e7o do Racing Santander.<\/strong><\/p>\n<p id=\"h-o-fc-porto-e-o-braga-estao-de-olho-na-contratacao-de-gustavo-puerta-o-medio-internacional-colombiano-de-22-anos-esta-ao-servico-do-racing-santander\">Gustavo Puerta est\u00e1 na mira do FC Porto e do Braga. Segundo o jornalista C\u00e9sar Luis Merlo, as duas equipas portugueses t\u00eam interesse no m\u00e9dio colombiano de 22 anos, que est\u00e1 ao servi\u00e7o do Racing Santander.<\/p>\n<p>A mesma fonte refere que o <a href=\"https:\/\/bolanarede.pt\/etiqueta\/racing-santander\/\" target=\"_blank\" rel=\"noreferrer noopener nofollow\">clube espanhol da Segunda Liga<\/a> pretende manter Gustavo Puerta at\u00e9 ao final da temporada e que tudo far\u00e1 para impedir que o neg\u00f3cio se concretize no mercado de janeiro.<\/p>\n<p>Gustavo Puerta tem um golo e uma assist\u00eancia em 14 jogos nesta temporada. Fez forma\u00e7\u00e3o no Bogot\u00e1 e j\u00e1 representou Bayer Leverkusen, Nuremberga e Hull City.<\/p>\n<blockquote class=\"twitter-tweet\" data-width=\"550\" data-dnt=\"true\">\n<p lang=\"es\" dir=\"ltr\">\ud83d\udea8El colombiano Gustavo Puerta ha despertado un inter\u00e9s muy concreto por parte del Porto y el Sporting Braga, que tienen intenciones de avanzar por \u00e9l. <br \/>*\ufe0f\u20e3Racing de Santander, en principio, quiere retenerlo s\u00ed o s\u00ed hasta mitad de a\u00f1o. <a href=\"https:\/\/t.co\/2KX9JxLmm5\" rel=\"nofollow\">pic.twitter.com\/2KX9JxLmm5<\/a><\/p>\n<p>\u2014 C\u00e9sar Luis Merlo (@CLMerlo) <a href=\"https:\/\/twitter.com\/CLMerlo\/status\/2005637301452611831?ref_src=twsrc%5Etfw\" rel=\"nofollow noopener\" target=\"_blank\">December 29, 2025<\/a><\/p><\/blockquote>\n<p><script async src=\"https:\/\/platform.twitter.com\/widgets.js\" charset=\"utf-8\"><\/script><\/p>\n","protected":false},"excerpt":{"rendered":"&#8211; Advertisement &#8211; O FC Porto e o Braga est\u00e3o de olho na contrata\u00e7\u00e3o de Gustavo Puerta. o&hellip;\n","protected":false},"author":2,"featured_media":206816,"comment_status":"","ping_status":"","sticky":false,"template":"","format":"standard","meta":{"footnotes":""},"categories":[87],"tags":[260,135,478,282,40753,32,479,33,25917,134],"class_list":{"0":"post-206815","1":"post","2":"type-post","3":"status-publish","4":"format-standard","5":"has-post-thumbnail","7":"category-desporto","8":"tag-atualidade","9":"tag-desporto","10":"tag-destaques-bnr","11":"tag-fc-porto","12":"tag-gustavo-puerta","13":"tag-portugal","14":"tag-primeira-liga","15":"tag-pt","16":"tag-racing-santander","17":"tag-sports"},"share_on_mastodon":{"url":"https:\/\/pubeurope.com\/@pt\/115804428329764985","error":""},"_links":{"self":[{"href":"https:\/\/www.europesays.com\/pt\/wp-json\/wp\/v2\/posts\/206815","targetHints":{"allow":["GET"]}}],"collection":[{"href":"https:\/\/www.europesays.com\/pt\/wp-json\/wp\/v2\/posts"}],"about":[{"href":"https:\/\/www.europesays.com\/pt\/wp-json\/wp\/v2\/types\/post"}],"author":[{"embeddable":true,"href":"https:\/\/www.europesays.com\/pt\/wp-json\/wp\/v2\/users\/2"}],"replies":[{"embeddable":true,"href":"https:\/\/www.europesays.com\/pt\/wp-json\/wp\/v2\/comments?post=206815"}],"version-history":[{"count":0,"href":"https:\/\/www.europesays.com\/pt\/wp-json\/wp\/v2\/posts\/206815\/revisions"}],"wp:featuredmedia":[{"embeddable":true,"href":"https:\/\/www.europesays.com\/pt\/wp-json\/wp\/v2\/media\/206816"}],"wp:attachment":[{"href":"https:\/\/www.europesays.com\/pt\/wp-json\/wp\/v2\/media?parent=206815"}],"wp:term":[{"taxonomy":"category","embeddable":true,"href":"https:\/\/www.europesays.com\/pt\/wp-json\/wp\/v2\/categories?post=206815"},{"taxonomy":"post_tag","embeddable":true,"href":"https:\/\/www.europesays.com\/pt\/wp-json\/wp\/v2\/tags?post=206815"}],"curies":[{"name":"wp","href":"https:\/\/api.w.org\/{rel}","templated":true}]}}