{"id":206825,"date":"2025-12-29T19:12:07","date_gmt":"2025-12-29T19:12:07","guid":{"rendered":"https:\/\/www.europesays.com\/pt\/206825\/"},"modified":"2025-12-29T19:12:07","modified_gmt":"2025-12-29T19:12:07","slug":"putin-assina-decreto-que-impede-execucao-de-sentencas-de-tribunais-estrangeiros","status":"publish","type":"post","link":"https:\/\/www.europesays.com\/pt\/206825\/","title":{"rendered":"Putin assina decreto que impede execu\u00e7\u00e3o de senten\u00e7as de tribunais estrangeiros"},"content":{"rendered":"<p data-remotead-prev-elm=\"true\" data-remotead-elm-id=\"inread\">O decreto, publicado no Di\u00e1rio da Rep\u00fablica russo, estabelece que n\u00e3o ser\u00e3o executadas senten\u00e7as de tribunais estrangeiros &#8220;sem a participa\u00e7\u00e3o da Federa\u00e7\u00e3o Russa&#8221;, nem decis\u00f5es de \u00f3rg\u00e3os judiciais internacionais cuja jurisdi\u00e7\u00e3o n\u00e3o resulte de um tratado internacional com a R\u00fassia ou de resolu\u00e7\u00f5es do Conselho de Seguran\u00e7a das Na\u00e7\u00f5es Unidas.<\/p>\n<p>A medida altera o artigo 6.\u00ba da Lei Constitucional Federal sobre o Sistema Judici\u00e1rio da Federa\u00e7\u00e3o Russa e surgiu na sequ\u00eancia do mandado de captura emitido pelo TPI, em mar\u00e7o de 2023, contra Putin, por alegados crimes de deporta\u00e7\u00e3o for\u00e7ada e transfer\u00eancia ilegal de crian\u00e7as ucranianas para territ\u00f3rios ocupados pela R\u00fassia.<\/p>\n<p>A R\u00fassia assinou o Estatuto de Roma, que estabelece o funcionamento do TPI, em 2000, mas nunca o ratificou e, em 2016, retirou formalmente a assinatura, depois de o tribunal considerar que a anexa\u00e7\u00e3o da Crimeia por Moscovo constitu\u00eda uma &#8220;ocupa\u00e7\u00e3o permanente&#8221;.<\/p>\n<p data-remotead-prev-elm=\"true\" data-remotead-elm-id=\"centro1\">Apesar do mandado de deten\u00e7\u00e3o, Putin tem viajado para pa\u00edses signat\u00e1rios do Estatuto de Roma, como a Mong\u00f3lia, ignorando apelos para a deten\u00e7\u00e3o do chefe de Estado russo.<\/p>\n<p>Em resposta ao processo do TPI, o sistema judicial russo condenou \u00e0 revelia nove ju\u00edzes e procuradores do tribunal a penas de pris\u00e3o entre 3,5 e 15 anos, incluindo o procurador Karim Khan, acusando-os de instaurarem processos contra representantes de um Estado estrangeiro com imunidade internacional.<\/p>\n","protected":false},"excerpt":{"rendered":"O decreto, publicado no Di\u00e1rio da Rep\u00fablica russo, estabelece que n\u00e3o ser\u00e3o executadas senten\u00e7as de tribunais estrangeiros &#8220;sem&hellip;\n","protected":false},"author":2,"featured_media":206826,"comment_status":"","ping_status":"","sticky":false,"template":"","format":"standard","meta":{"footnotes":""},"categories":[50],"tags":[27,28,15,16,14,25,26,21,22,62,12,13,19,20,23,24,839,17,18,11717,29,30,31,2415,63,64,65],"class_list":{"0":"post-206825","1":"post","2":"type-post","3":"status-publish","4":"format-standard","5":"has-post-thumbnail","7":"category-mundo","8":"tag-breaking-news","9":"tag-breakingnews","10":"tag-featured-news","11":"tag-featurednews","12":"tag-headlines","13":"tag-latest-news","14":"tag-latestnews","15":"tag-main-news","16":"tag-mainnews","17":"tag-mundo","18":"tag-news","19":"tag-noticias","20":"tag-noticias-principais","21":"tag-noticiasprincipais","22":"tag-principais-noticias","23":"tag-principaisnoticias","24":"tag-russia","25":"tag-top-stories","26":"tag-topstories","27":"tag-tribunal-penal-internacional","28":"tag-ultimas","29":"tag-ultimas-noticias","30":"tag-ultimasnoticias","31":"tag-vladimir-putin","32":"tag-world","33":"tag-world-news","34":"tag-worldnews"},"share_on_mastodon":{"url":"https:\/\/pubeurope.com\/@pt\/115804447945590390","error":""},"_links":{"self":[{"href":"https:\/\/www.europesays.com\/pt\/wp-json\/wp\/v2\/posts\/206825","targetHints":{"allow":["GET"]}}],"collection":[{"href":"https:\/\/www.europesays.com\/pt\/wp-json\/wp\/v2\/posts"}],"about":[{"href":"https:\/\/www.europesays.com\/pt\/wp-json\/wp\/v2\/types\/post"}],"author":[{"embeddable":true,"href":"https:\/\/www.europesays.com\/pt\/wp-json\/wp\/v2\/users\/2"}],"replies":[{"embeddable":true,"href":"https:\/\/www.europesays.com\/pt\/wp-json\/wp\/v2\/comments?post=206825"}],"version-history":[{"count":0,"href":"https:\/\/www.europesays.com\/pt\/wp-json\/wp\/v2\/posts\/206825\/revisions"}],"wp:featuredmedia":[{"embeddable":true,"href":"https:\/\/www.europesays.com\/pt\/wp-json\/wp\/v2\/media\/206826"}],"wp:attachment":[{"href":"https:\/\/www.europesays.com\/pt\/wp-json\/wp\/v2\/media?parent=206825"}],"wp:term":[{"taxonomy":"category","embeddable":true,"href":"https:\/\/www.europesays.com\/pt\/wp-json\/wp\/v2\/categories?post=206825"},{"taxonomy":"post_tag","embeddable":true,"href":"https:\/\/www.europesays.com\/pt\/wp-json\/wp\/v2\/tags?post=206825"}],"curies":[{"name":"wp","href":"https:\/\/api.w.org\/{rel}","templated":true}]}}