{"id":206827,"date":"2025-12-29T19:13:25","date_gmt":"2025-12-29T19:13:25","guid":{"rendered":"https:\/\/www.europesays.com\/pt\/206827\/"},"modified":"2025-12-29T19:13:25","modified_gmt":"2025-12-29T19:13:25","slug":"incendio-em-apartamento-do-porto-faz-cinco-feridos","status":"publish","type":"post","link":"https:\/\/www.europesays.com\/pt\/206827\/","title":{"rendered":"Inc\u00eandio em apartamento do Porto faz cinco feridos"},"content":{"rendered":"<p data-remotead-prev-elm=\"true\" data-remotead-elm-id=\"inread\">Segundo o Comando Sub-Regional de Emerg\u00eancia e Prote\u00e7\u00e3o Civil da \u00c1rea Metropolitana do Porto (CDOS Porto), o alerta foi dado \u00e0s 3.37 horas deste domingo. O inc\u00eandio ocorreu no \u00faltimo piso de um pr\u00e9dio de apartamentos na Rua Fonte de Contumil, na freguesia de Campanh\u00e3, no Porto.<\/p>\n<p>As chamas foram combatidas por 12 operacionais, auxiliados por quatro viaturas, dos Sapadores do Porto e dos Bombeiros Volunt\u00e1rios do Porto, segundo informa\u00e7\u00f5es dos Sapadores. O INEM tamb\u00e9m esteve no local com duas viaturas m\u00e9dicas e tr\u00eas ambul\u00e2ncias.<\/p>\n<p>O inc\u00eandio, que foi dado como extinto pelas 6 horas, provocou quatro feridos ligeiros e um grave. Todos tiveram que receber assist\u00eancia hospitalar.<\/p>\n","protected":false},"excerpt":{"rendered":"Segundo o Comando Sub-Regional de Emerg\u00eancia e Prote\u00e7\u00e3o Civil da \u00c1rea Metropolitana do Porto (CDOS Porto), o alerta&hellip;\n","protected":false},"author":2,"featured_media":206828,"comment_status":"","ping_status":"","sticky":false,"template":"","format":"standard","meta":{"footnotes":""},"categories":[10],"tags":[27,28,20018,15,16,14,625,25,26,21,22,12,13,19,20,32,23,24,33,17,18,29,30,31],"class_list":{"0":"post-206827","1":"post","2":"type-post","3":"status-publish","4":"format-standard","5":"has-post-thumbnail","7":"category-portugal","8":"tag-breaking-news","9":"tag-breakingnews","10":"tag-concelho-porto","11":"tag-featured-news","12":"tag-featurednews","13":"tag-headlines","14":"tag-incendio","15":"tag-latest-news","16":"tag-latestnews","17":"tag-main-news","18":"tag-mainnews","19":"tag-news","20":"tag-noticias","21":"tag-noticias-principais","22":"tag-noticiasprincipais","23":"tag-portugal","24":"tag-principais-noticias","25":"tag-principaisnoticias","26":"tag-pt","27":"tag-top-stories","28":"tag-topstories","29":"tag-ultimas","30":"tag-ultimas-noticias","31":"tag-ultimasnoticias"},"share_on_mastodon":{"url":"https:\/\/pubeurope.com\/@pt\/115804452104898699","error":""},"_links":{"self":[{"href":"https:\/\/www.europesays.com\/pt\/wp-json\/wp\/v2\/posts\/206827","targetHints":{"allow":["GET"]}}],"collection":[{"href":"https:\/\/www.europesays.com\/pt\/wp-json\/wp\/v2\/posts"}],"about":[{"href":"https:\/\/www.europesays.com\/pt\/wp-json\/wp\/v2\/types\/post"}],"author":[{"embeddable":true,"href":"https:\/\/www.europesays.com\/pt\/wp-json\/wp\/v2\/users\/2"}],"replies":[{"embeddable":true,"href":"https:\/\/www.europesays.com\/pt\/wp-json\/wp\/v2\/comments?post=206827"}],"version-history":[{"count":0,"href":"https:\/\/www.europesays.com\/pt\/wp-json\/wp\/v2\/posts\/206827\/revisions"}],"wp:featuredmedia":[{"embeddable":true,"href":"https:\/\/www.europesays.com\/pt\/wp-json\/wp\/v2\/media\/206828"}],"wp:attachment":[{"href":"https:\/\/www.europesays.com\/pt\/wp-json\/wp\/v2\/media?parent=206827"}],"wp:term":[{"taxonomy":"category","embeddable":true,"href":"https:\/\/www.europesays.com\/pt\/wp-json\/wp\/v2\/categories?post=206827"},{"taxonomy":"post_tag","embeddable":true,"href":"https:\/\/www.europesays.com\/pt\/wp-json\/wp\/v2\/tags?post=206827"}],"curies":[{"name":"wp","href":"https:\/\/api.w.org\/{rel}","templated":true}]}}