{"id":206861,"date":"2025-12-29T19:36:09","date_gmt":"2025-12-29T19:36:09","guid":{"rendered":"https:\/\/www.europesays.com\/pt\/206861\/"},"modified":"2025-12-29T19:36:09","modified_gmt":"2025-12-29T19:36:09","slug":"secretaria-de-saude-do-df-implanta-novo-exame-de-sangue-conheca","status":"publish","type":"post","link":"https:\/\/www.europesays.com\/pt\/206861\/","title":{"rendered":"Secretaria de sa\u00fade do DF implanta novo exame de sangue; conhe\u00e7a"},"content":{"rendered":"<p class=\"texto\">A\u00a0Secretaria de Sa\u00fade do Distrito Federal (SES-DF) passou a oferecer um novo exame de sangue que amplia a precis\u00e3o dos diagn\u00f3sticos e fortalece a seguran\u00e7a na avalia\u00e7\u00e3o cl\u00ednica dos pacientes atendidos pelo Sistema \u00danico de Sa\u00fade (SUS). A eletroforese analisa a distribui\u00e7\u00e3o das principais prote\u00ednas s\u00e9ricas do organismo e contribui para a identifica\u00e7\u00e3o de altera\u00e7\u00f5es associadas a diferentes condi\u00e7\u00f5es cl\u00ednicas.<\/p>\n<p class=\"texto\">O exame funciona como um mapa do perfil proteico do paciente, ao mostrar como as prote\u00ednas est\u00e3o distribu\u00eddas. Ele pode apontar altera\u00e7\u00f5es que indicam doen\u00e7as, muitas delas dif\u00edceis de detectar em exames laboratoriais convencionais. A ferramenta \u00e9 \u00fatil para compreender, principalmente, o funcionamento do sistema imunol\u00f3gico, do f\u00edgado e dos rins, al\u00e9m de permitir o acompanhamento mais preciso de usu\u00e1rios com doen\u00e7as cr\u00f4nicas.<\/p>\n<p class=\"texto\">\u201cCom a nova tecnologia, os pacientes passam a contar com diagn\u00f3sticos mais r\u00e1pidos e confi\u00e1veis, o que melhora o acompanhamento m\u00e9dico, ajuda na defini\u00e7\u00e3o do tratamento e amplia o acesso da popula\u00e7\u00e3o a exames modernos e de alta complexidade\u201d, diz\u00a0o biom\u00e9dico Samuel Dias, da SES-DF.\u00a0<\/p>\n<p class=\"texto\">O\u00a0teste \u00e9 processado na Central de Exames Especializados, no N\u00facleo de Patologia Cl\u00ednica (Nupac) do Hospital Regional de Taguatinga (HRT), onde j\u00e1 foram feitos mais de mil exames desde a implanta\u00e7\u00e3o, neste final de ano. As solicita\u00e7\u00f5es podem ser feitas por qualquer unidade da rede p\u00fablica, com coletas realizadas nas unidades b\u00e1sicas de sa\u00fade (UBSs) e em laborat\u00f3rios regionais e hospitalares.<\/p>\n<ul>\n<li><a href=\"https:\/\/wa.me\/?text=Secretaria+de+sa%C3%BAde+do+DF+implanta+novo+exame+de+sangue%3B+conhe%C3%A7a%20https:\/\/www.correiobraziliense.com.br\/cidades-df\/2025\/12\/7322913-secretaria-de-saude-do-df-implanta-novo-exame-de-sangue-conheca.html\" target=\"_blank\" title=\"Whatsapp\" aria-label=\"WhatsApp\" rel=\"nofollow noopener\"><\/a><\/li>\n<li><a href=\"https:\/\/www.facebook.com\/sharer.php?u=https:\/\/www.correiobraziliense.com.br%2Fcidades-df%2F2025%2F12%2F7322913-secretaria-de-saude-do-df-implanta-novo-exame-de-sangue-conheca.html&amp;text=Secretaria+de+sa%C3%BAde+do+DF+implanta+novo+exame+de+sangue%3B+conhe%C3%A7a\" target=\"_blank\" title=\"Facebook\" aria-label=\"Facebook\" rel=\"nofollow noopener\"><\/a><\/li>\n<li><a href=\"https:\/\/twitter.com\/intent\/tweet?url=https:\/\/www.correiobraziliense.com.br%2Fcidades-df%2F2025%2F12%2F7322913-secretaria-de-saude-do-df-implanta-novo-exame-de-sangue-conheca.html&amp;text=Secretaria+de+sa%C3%BAde+do+DF+implanta+novo+exame+de+sangue%3B+conhe%C3%A7a\" target=\"_blank\" title=\"Twitter\" aria-label=\"Twitter\" rel=\"nofollow noopener\"><\/a><\/li>\n<li><a href=\"https:\/\/profile.google.com\/cp\/CgovbS8wNzZ0dms1\" title=\"Google Discover\" target=\"_blank\" aria-label=\"Google Discover\" rel=\"nofollow noopener\"><img decoding=\"async\" src=\"https:\/\/www.europesays.com\/pt\/wp-content\/uploads\/2025\/12\/google-discover-icon.png\" style=\"height: 25px; margin: 0 !important; margin-left: 3px;\" alt=\"Google Discover Icon\"\/><\/a><\/li>\n<\/ul>\n<p>              <a href=\"https:\/\/www.correiobraziliense.com.br\/autor\/correio-braziliense\/page\/1\/\" style=\"height: 100%;\" rel=\"nofollow noopener\" target=\"_blank\"><img decoding=\"async\" class=\"hidden-print author-circle d-block h6 mt-0 mb-0 mr-6 text-center\" src=\"https:\/\/www.europesays.com\/pt\/wp-content\/uploads\/2025\/10\/logo_800x800-32298422.png\" alt=\"\" width=\"40\" height=\"40\" loading=\"lazy\" style=\"object-fit:cover; width: 40px; height: 40px; margin-right:10px;\"\/><\/a><a href=\"https:\/\/www.correiobraziliense.com.br\/autor\/correio-braziliense\/page\/1\/\" rel=\"nofollow noopener\" target=\"_blank\"><img decoding=\"async\" class=\"hidden-print author-circle d-block h6 mt-0 mb-0 mr-6 text-center\" src=\"https:\/\/www.europesays.com\/pt\/wp-content\/uploads\/2025\/10\/logo_800x800-32298422.png\" alt=\"\" width=\"40\" height=\"40\" loading=\"lazy\" style=\"object-fit:cover; width: 40px; height: 40px; margin-right:10px;\"\/><\/a><\/p>\n<p>                          <script async src=\"https:\/\/platform.twitter.com\/widgets.js\" charset=\"utf-8\"><\/script><\/p>\n","protected":false},"excerpt":{"rendered":"A\u00a0Secretaria de Sa\u00fade do Distrito Federal (SES-DF) passou a oferecer um novo exame de sangue que amplia a&hellip;\n","protected":false},"author":2,"featured_media":206862,"comment_status":"","ping_status":"","sticky":false,"template":"","format":"standard","meta":{"footnotes":""},"categories":[86],"tags":[14320,116,32,33,4426,117,22251],"class_list":{"0":"post-206861","1":"post","2":"type-post","3":"status-publish","4":"format-standard","5":"has-post-thumbnail","7":"category-saude","8":"tag-exame","9":"tag-health","10":"tag-portugal","11":"tag-pt","12":"tag-sangue","13":"tag-saude","14":"tag-ses-df"},"share_on_mastodon":{"url":"https:\/\/pubeurope.com\/@pt\/115804542373674221","error":""},"_links":{"self":[{"href":"https:\/\/www.europesays.com\/pt\/wp-json\/wp\/v2\/posts\/206861","targetHints":{"allow":["GET"]}}],"collection":[{"href":"https:\/\/www.europesays.com\/pt\/wp-json\/wp\/v2\/posts"}],"about":[{"href":"https:\/\/www.europesays.com\/pt\/wp-json\/wp\/v2\/types\/post"}],"author":[{"embeddable":true,"href":"https:\/\/www.europesays.com\/pt\/wp-json\/wp\/v2\/users\/2"}],"replies":[{"embeddable":true,"href":"https:\/\/www.europesays.com\/pt\/wp-json\/wp\/v2\/comments?post=206861"}],"version-history":[{"count":0,"href":"https:\/\/www.europesays.com\/pt\/wp-json\/wp\/v2\/posts\/206861\/revisions"}],"wp:featuredmedia":[{"embeddable":true,"href":"https:\/\/www.europesays.com\/pt\/wp-json\/wp\/v2\/media\/206862"}],"wp:attachment":[{"href":"https:\/\/www.europesays.com\/pt\/wp-json\/wp\/v2\/media?parent=206861"}],"wp:term":[{"taxonomy":"category","embeddable":true,"href":"https:\/\/www.europesays.com\/pt\/wp-json\/wp\/v2\/categories?post=206861"},{"taxonomy":"post_tag","embeddable":true,"href":"https:\/\/www.europesays.com\/pt\/wp-json\/wp\/v2\/tags?post=206861"}],"curies":[{"name":"wp","href":"https:\/\/api.w.org\/{rel}","templated":true}]}}