{"id":206873,"date":"2025-12-29T19:43:12","date_gmt":"2025-12-29T19:43:12","guid":{"rendered":"https:\/\/www.europesays.com\/pt\/206873\/"},"modified":"2025-12-29T19:43:12","modified_gmt":"2025-12-29T19:43:12","slug":"novo-critica-porchat-por-fala-contra-trabalho-por-apps-29-12-2025-painel","status":"publish","type":"post","link":"https:\/\/www.europesays.com\/pt\/206873\/","title":{"rendered":"Novo critica Porchat por fala contra trabalho por apps &#8211; 29\/12\/2025 &#8211; Painel"},"content":{"rendered":"<p>O <a href=\"https:\/\/f5.folha.uol.com.br\/voceviu\/2025\/12\/porchat-grava-video-sobre-havaianas-em-embaixada-de-roma-itamaraty-se-posiciona.shtml\" rel=\"nofollow noopener\" target=\"\">humorista F\u00e1bio Porchat <\/a>entrou na mira de parlamentares do <a href=\"https:\/\/www1.folha.uol.com.br\/folha-topicos\/partido-novo\/\" rel=\"nofollow noopener\" target=\"_blank\">Partido Novo<\/a>, que apontaram hipocrisia dele em cr\u00edticas que fez \u00e0s condi\u00e7\u00f5es de trabalho em empresas de aplicativos.<\/p>\n<p>O deputado federal Luiz Lima (RJ) e o estadual L\u00e9o Siqueira (SP) gravaram v\u00eddeos nos \u00faltimos dias defendendo as empresas de aplicativo e afirmando que Porchat \u00e9 incoerente por ter se tornado garoto-propaganda da <a href=\"https:\/\/www1.folha.uol.com.br\/mercado\/2025\/12\/keeta-abre-centro-de-atendimento-presencial-para-entregadores-em-sao-paulo.shtml\" rel=\"nofollow noopener\" target=\"\">Keeta, empresa chinesa que est\u00e1 entrando no mercado de entregas por aplicativo<\/a>.<\/p>\n<p>Durante participa\u00e7\u00e3o em um programa, Porchat afirmou que os trabalhadores de aplicativos fazem jornadas de mais de 12 horas sem garantias trabalhistas, ganham o que o algoritmo determinar e s\u00e3o penalizados pelos atrasos. &#8220;Para mim isso \u00e9 desesperador&#8221;, disse ele, que comparou a atividade ao trabalho escravo<\/p>\n<p>No v\u00eddeo-resposta, Lima perguntou: &#8220;Voc\u00eas j\u00e1 viram algu\u00e9m criticar uma coisa e uma semana depois virar garoto propaganda dela?&#8221;.<\/p>\n<p>Segundo ele, mais de 1 milh\u00e3o de brasileiros hoje tiram sua renda direta ou indiretamente dessas plataformas. Ele tamb\u00e9m apontou estudos que mostram que a criminalidade caiu em locais onde as plataformas atuam. &#8220;Trabalho gera disciplina&#8221;, diz.<\/p>\n<p>Na mesma linha, Siqueira afirmou em v\u00eddeo que onde as plataformas chegaram, o impacto \u00e9 positivo.<\/p>\n<p>Procurado via assessoria, Porchat n\u00e3o se manifestou.<\/p>\n<p>O debate sobre o trabalho por aplicativos tem mobilizado partidos pol\u00edticos. O governo Lula pretende enviar uma <a href=\"https:\/\/www1.folha.uol.com.br\/colunas\/painel\/2025\/12\/centrais-sindicais-querem-reuniao-com-boulos-para-discutir-gt-de-entregadores-de-apps.shtml\" rel=\"nofollow noopener\" target=\"\">nova proposta ao Congresso criando regras para esses servi\u00e7os.<\/a><\/p>\n<p>J\u00e1 legendas de direita como o Novo s\u00e3o resistentes, com o argumento de que podem encarecer o servi\u00e7o e acabar inviabilizando o trabalho das plataformas.<\/p>\n<p class=\"c-context__content\">&#13;<br \/>\n    <strong>LINK PRESENTE:<\/strong> Gostou deste texto? Assinante pode liberar sete acessos gratuitos de qualquer link por dia. Basta clicar no F azul abaixo.&#13;\n  <\/p>\n","protected":false},"excerpt":{"rendered":"O humorista F\u00e1bio Porchat entrou na mira de parlamentares do Partido Novo, que apontaram hipocrisia dele em cr\u00edticas&hellip;\n","protected":false},"author":2,"featured_media":206874,"comment_status":"","ping_status":"","sticky":false,"template":"","format":"standard","meta":{"footnotes":""},"categories":[145],"tags":[1218,211,210,114,115,10524,236,10996,32,33],"class_list":{"0":"post-206873","1":"post","2":"type-post","3":"status-publish","4":"format-standard","5":"has-post-thumbnail","7":"category-celebridades","8":"tag-aplicativos","9":"tag-celebridades","10":"tag-celebrities","11":"tag-entertainment","12":"tag-entretenimento","13":"tag-fabio-porchat","14":"tag-folha","15":"tag-partido-novo","16":"tag-portugal","17":"tag-pt"},"share_on_mastodon":{"url":"https:\/\/pubeurope.com\/@pt\/115804569746633590","error":""},"_links":{"self":[{"href":"https:\/\/www.europesays.com\/pt\/wp-json\/wp\/v2\/posts\/206873","targetHints":{"allow":["GET"]}}],"collection":[{"href":"https:\/\/www.europesays.com\/pt\/wp-json\/wp\/v2\/posts"}],"about":[{"href":"https:\/\/www.europesays.com\/pt\/wp-json\/wp\/v2\/types\/post"}],"author":[{"embeddable":true,"href":"https:\/\/www.europesays.com\/pt\/wp-json\/wp\/v2\/users\/2"}],"replies":[{"embeddable":true,"href":"https:\/\/www.europesays.com\/pt\/wp-json\/wp\/v2\/comments?post=206873"}],"version-history":[{"count":0,"href":"https:\/\/www.europesays.com\/pt\/wp-json\/wp\/v2\/posts\/206873\/revisions"}],"wp:featuredmedia":[{"embeddable":true,"href":"https:\/\/www.europesays.com\/pt\/wp-json\/wp\/v2\/media\/206874"}],"wp:attachment":[{"href":"https:\/\/www.europesays.com\/pt\/wp-json\/wp\/v2\/media?parent=206873"}],"wp:term":[{"taxonomy":"category","embeddable":true,"href":"https:\/\/www.europesays.com\/pt\/wp-json\/wp\/v2\/categories?post=206873"},{"taxonomy":"post_tag","embeddable":true,"href":"https:\/\/www.europesays.com\/pt\/wp-json\/wp\/v2\/tags?post=206873"}],"curies":[{"name":"wp","href":"https:\/\/api.w.org\/{rel}","templated":true}]}}