{"id":206915,"date":"2025-12-29T20:15:10","date_gmt":"2025-12-29T20:15:10","guid":{"rendered":"https:\/\/www.europesays.com\/pt\/206915\/"},"modified":"2025-12-29T20:15:10","modified_gmt":"2025-12-29T20:15:10","slug":"pedro-defende-ex-noivo-ze-para-atacar-liliana-fizeste-o-que-fizeste-e-nem-pediste-desculpa-secret-story","status":"publish","type":"post","link":"https:\/\/www.europesays.com\/pt\/206915\/","title":{"rendered":"Pedro &#8220;defende&#8221; ex-noivo Z\u00e9 para atacar Liliana?: \u00abFizeste o que fizeste e nem pediste desculpa\u00bb &#8211; Secret Story"},"content":{"rendered":"<p>No Secret Story 9, os finalistas estiveram a tirar frases mist\u00e9rio de dentro de uma caixa e deviam de complet\u00e1-las. Liliana referiu o que v\u00ea quando se olha ao espelho. Pedro comentou as palavras da colega.<\/p>\n<p><strong>A decis\u00e3o est\u00e1 nas suas m\u00e3os! Vote j\u00e1 no seu concorrente favorito atrav\u00e9s da app TVI Reality ou das linhas telef\u00f3nicas e ajude-o a vencer:<\/strong><\/p>\n<p>IN\u00caS 761 20 20 10<\/p>\n<p>LILIANA 761 20 20 14<\/p>\n<p>MARISA 761 20 20 16<\/p>\n<p>PEDRO 761 20 20 18<\/p>\n<p><a href=\"https:\/\/tvi.iol.pt\/secretstory\/aominuto\" rel=\"nofollow noopener\" target=\"_blank\">Veja aqui tudo o que se passa na casa do Secret Story 9<\/a><\/p>\n","protected":false},"excerpt":{"rendered":"No Secret Story 9, os finalistas estiveram a tirar frases mist\u00e9rio de dentro de uma caixa e deviam&hellip;\n","protected":false},"author":2,"featured_media":206916,"comment_status":"","ping_status":"","sticky":false,"template":"","format":"standard","meta":{"footnotes":""},"categories":[142],"tags":[19374,19373,114,115,19016,14646,19375,32,33,151],"class_list":{"0":"post-206915","1":"post","2":"type-post","3":"status-publish","4":"format-standard","5":"has-post-thumbnail","7":"category-tv","8":"tag-confrontos-concorrentes","9":"tag-discussoes-secret-story","10":"tag-entertainment","11":"tag-entretenimento","12":"tag-liliana","13":"tag-pedro","14":"tag-polemicas","15":"tag-portugal","16":"tag-pt","17":"tag-tv"},"share_on_mastodon":{"url":"https:\/\/pubeurope.com\/@pt\/115804695604623702","error":""},"_links":{"self":[{"href":"https:\/\/www.europesays.com\/pt\/wp-json\/wp\/v2\/posts\/206915","targetHints":{"allow":["GET"]}}],"collection":[{"href":"https:\/\/www.europesays.com\/pt\/wp-json\/wp\/v2\/posts"}],"about":[{"href":"https:\/\/www.europesays.com\/pt\/wp-json\/wp\/v2\/types\/post"}],"author":[{"embeddable":true,"href":"https:\/\/www.europesays.com\/pt\/wp-json\/wp\/v2\/users\/2"}],"replies":[{"embeddable":true,"href":"https:\/\/www.europesays.com\/pt\/wp-json\/wp\/v2\/comments?post=206915"}],"version-history":[{"count":0,"href":"https:\/\/www.europesays.com\/pt\/wp-json\/wp\/v2\/posts\/206915\/revisions"}],"wp:featuredmedia":[{"embeddable":true,"href":"https:\/\/www.europesays.com\/pt\/wp-json\/wp\/v2\/media\/206916"}],"wp:attachment":[{"href":"https:\/\/www.europesays.com\/pt\/wp-json\/wp\/v2\/media?parent=206915"}],"wp:term":[{"taxonomy":"category","embeddable":true,"href":"https:\/\/www.europesays.com\/pt\/wp-json\/wp\/v2\/categories?post=206915"},{"taxonomy":"post_tag","embeddable":true,"href":"https:\/\/www.europesays.com\/pt\/wp-json\/wp\/v2\/tags?post=206915"}],"curies":[{"name":"wp","href":"https:\/\/api.w.org\/{rel}","templated":true}]}}