{"id":206954,"date":"2025-12-29T20:43:10","date_gmt":"2025-12-29T20:43:10","guid":{"rendered":"https:\/\/www.europesays.com\/pt\/206954\/"},"modified":"2025-12-29T20:43:10","modified_gmt":"2025-12-29T20:43:10","slug":"revelacao-privada-este-e-o-pedido-que-joao-monteiro-faz-todos-os-dias-a-cristina-ferreira-secret-story","status":"publish","type":"post","link":"https:\/\/www.europesays.com\/pt\/206954\/","title":{"rendered":"Revela\u00e7\u00e3o privada: Este \u00e9 o pedido que Jo\u00e3o Monteiro faz todos os dias a Cristina Ferreira &#8211; Secret Story"},"content":{"rendered":"<p lang=\"EN-US\" paraeid=\"{0509f8c9-2467-4afa-b799-4776065ad9be}{216}\" paraid=\"1672932130\" xml:lang=\"EN-US\">A marca \u201cGira\u201d da Cristina Ferreira tem um produto que est\u00e1 a dar que falar: as famosas gomas. Foi no Instagram que a apresentadora da TVI publicou uma\u00a0storie\u00a0na qual deu a entender que o namorado \u00e9 um f\u00e3 nato dos produtos: \u00abJo\u00e3o Monteiro todos os dias: \u201cmor, onde \u00e9 que est\u00e3o as minhas gomas?\u00bb, disse.\u00a0\u00a0<\/p>\n<p paraeid=\"{659ee628-c2f7-426e-bc85-9d2ef5419846}{177}\" paraid=\"1729666055\" xml:lang=\"EN-US\">Logo\u00a0de\u00a0seguida, publicou uma\u00a0storie\u00a0na qual mostra as gomas e frisa ainda: \u00abL\u00e1 vou eu com as gomas (est\u00e3o sempre no mesmo s\u00edtio\u00a0\ud83d\ude05)\u00bb.\u00a0\u00a0<\/p>\n<p paraeid=\"{659ee628-c2f7-426e-bc85-9d2ef5419846}{177}\" paraid=\"1729666055\" xml:lang=\"EN-US\">A apresentadora da TVI est\u00e1 a ter muito sucesso com a sua marca: &#8220;Gira&#8221; e, ao que parece, <a href=\"https:\/\/tvi.iol.pt\/secretstory\/cristina-ferreira\/joao-monteiro\/ao-lado-de-joao-monteiro-cristina-ferreira-faz-promessa-assim-nao-chove-no-dia-do-casamento\" rel=\"nofollow noopener\" target=\"_blank\">o seu mais que tudo<\/a> tem gostado muito do resultado dos produtos.<\/p>\n<p paraeid=\"{659ee628-c2f7-426e-bc85-9d2ef5419846}{177}\" paraid=\"1729666055\" xml:lang=\"EN-US\">Veja as imagens.\u00a0<\/p>\n<p paraeid=\"{659ee628-c2f7-426e-bc85-9d2ef5419846}{177}\" paraid=\"1729666055\" xml:lang=\"EN-US\"><img loading=\"lazy\" decoding=\"async\" alt=\"\" height=\"500\" src=\"https:\/\/www.europesays.com\/pt\/wp-content\/uploads\/2025\/12\/6952a81ad34e3caad84ce472.webp\" width=\"283\"\/><img loading=\"lazy\" decoding=\"async\" alt=\"\" height=\"500\" src=\"https:\/\/www.europesays.com\/pt\/wp-content\/uploads\/2025\/12\/6952a83ad34e3caad84ce474.webp\" width=\"285\"\/><\/p>\n","protected":false},"excerpt":{"rendered":"A marca \u201cGira\u201d da Cristina Ferreira tem um produto que est\u00e1 a dar que falar: as famosas gomas.&hellip;\n","protected":false},"author":2,"featured_media":206955,"comment_status":"","ping_status":"","sticky":false,"template":"","format":"standard","meta":{"footnotes":""},"categories":[142],"tags":[18706,166,114,115,18705,6470,32,33,151,18704],"class_list":{"0":"post-206954","1":"post","2":"type-post","3":"status-publish","4":"format-standard","5":"has-post-thumbnail","7":"category-tv","8":"tag-bastidores-secret-story","9":"tag-cristina-ferreira","10":"tag-entertainment","11":"tag-entretenimento","12":"tag-entrevistas-concorrentes-tvi","13":"tag-joao-monteiro","14":"tag-portugal","15":"tag-pt","16":"tag-tv","17":"tag-vida-fora-da-casa"},"share_on_mastodon":{"url":"https:\/\/pubeurope.com\/@pt\/115804805708447694","error":""},"_links":{"self":[{"href":"https:\/\/www.europesays.com\/pt\/wp-json\/wp\/v2\/posts\/206954","targetHints":{"allow":["GET"]}}],"collection":[{"href":"https:\/\/www.europesays.com\/pt\/wp-json\/wp\/v2\/posts"}],"about":[{"href":"https:\/\/www.europesays.com\/pt\/wp-json\/wp\/v2\/types\/post"}],"author":[{"embeddable":true,"href":"https:\/\/www.europesays.com\/pt\/wp-json\/wp\/v2\/users\/2"}],"replies":[{"embeddable":true,"href":"https:\/\/www.europesays.com\/pt\/wp-json\/wp\/v2\/comments?post=206954"}],"version-history":[{"count":0,"href":"https:\/\/www.europesays.com\/pt\/wp-json\/wp\/v2\/posts\/206954\/revisions"}],"wp:featuredmedia":[{"embeddable":true,"href":"https:\/\/www.europesays.com\/pt\/wp-json\/wp\/v2\/media\/206955"}],"wp:attachment":[{"href":"https:\/\/www.europesays.com\/pt\/wp-json\/wp\/v2\/media?parent=206954"}],"wp:term":[{"taxonomy":"category","embeddable":true,"href":"https:\/\/www.europesays.com\/pt\/wp-json\/wp\/v2\/categories?post=206954"},{"taxonomy":"post_tag","embeddable":true,"href":"https:\/\/www.europesays.com\/pt\/wp-json\/wp\/v2\/tags?post=206954"}],"curies":[{"name":"wp","href":"https:\/\/api.w.org\/{rel}","templated":true}]}}