{"id":206962,"date":"2025-12-29T20:49:19","date_gmt":"2025-12-29T20:49:19","guid":{"rendered":"https:\/\/www.europesays.com\/pt\/206962\/"},"modified":"2025-12-29T20:49:19","modified_gmt":"2025-12-29T20:49:19","slug":"estudo-alemao-simula-100-dias-no-espaco","status":"publish","type":"post","link":"https:\/\/www.europesays.com\/pt\/206962\/","title":{"rendered":"Estudo alem\u00e3o simula 100 dias no espa\u00e7o"},"content":{"rendered":"<p>O estudo SOLIS1000, realizado na cidade de Col\u00f4nia, na Alemanha, procura seis volunt\u00e1rios para uma simula\u00e7\u00e3o de 100 dias da experi\u00eancia em uma esta\u00e7\u00e3o espacial. Cada participante receber\u00e1 23 mil euros, equivalente a cerca de R$ 150 mil.<\/p>\n<p>\u201cAs futuras miss\u00f5es espaciais ir\u00e3o al\u00e9m da \u00f3rbita da Terra e ter\u00e3o como destino locais distantes, como a Lua ou Marte\u201d, diz a chamada das candidaturas. O objetivo \u00e9 ampliar o suporte f\u00edsico e psicol\u00f3gico para astronautas, avaliando os riscos que envolvem isolamento prolongado, ambientes confinados e priva\u00e7\u00e3o social.<\/p>\n<p>Para se inscrever \u00e9 preciso atender a requisitos como ter entre 25 e 55 anos, praticar atividade f\u00edsica regularmente e ter profici\u00eancia comprovada em ingl\u00eas. \u201cSua rotina di\u00e1ria espelhar\u00e1 a dos astronautas em termos de trabalho em equipe, pesquisa cient\u00edfica e desafios operacionais\u201d, explica a descri\u00e7\u00e3o do projeto.<\/p>\n<p>A iniciativa \u00e9 financiada pela Ag\u00eancia Espacial Europeia (ESA) e conduzida pelo <a href=\"https:\/\/www.dlr.de\/en\/me\/latest\/news\/2025\/100-day-space-analog-mission-participants-wanted-for-isolation-study-at-dlr\" rel=\"nofollow noopener\" target=\"_blank\"><strong>Centro Aeroespacial Alem\u00e3o (DLR)<\/strong><\/a>. O confinamento, previsto para o per\u00edodo entre 7 de abril e 7 de agosto de 2026, ocorrer\u00e1 no Instituto de Medicina Aeroespacial.<\/p>\n","protected":false},"excerpt":{"rendered":"O estudo SOLIS1000, realizado na cidade de Col\u00f4nia, na Alemanha, procura seis volunt\u00e1rios para uma simula\u00e7\u00e3o de 100&hellip;\n","protected":false},"author":2,"featured_media":206963,"comment_status":"","ping_status":"","sticky":false,"template":"","format":"standard","meta":{"footnotes":""},"categories":[84],"tags":[1305,8071,109,107,108,1008,1856,2179,2559,1133,32,33,105,103,104,106,110],"class_list":{"0":"post-206962","1":"post","2":"type-post","3":"status-publish","4":"format-standard","5":"has-post-thumbnail","7":"category-ciencia-e-tecnologia","8":"tag-alemanha","9":"tag-astronautas","10":"tag-ciencia","11":"tag-ciencia-e-tecnologia","12":"tag-cienciaetecnologia","13":"tag-espaco","14":"tag-informacao","15":"tag-lua","16":"tag-marte","17":"tag-noticia","18":"tag-portugal","19":"tag-pt","20":"tag-science","21":"tag-science-and-technology","22":"tag-scienceandtechnology","23":"tag-technology","24":"tag-tecnologia"},"share_on_mastodon":{"url":"https:\/\/pubeurope.com\/@pt\/115804829331888283","error":""},"_links":{"self":[{"href":"https:\/\/www.europesays.com\/pt\/wp-json\/wp\/v2\/posts\/206962","targetHints":{"allow":["GET"]}}],"collection":[{"href":"https:\/\/www.europesays.com\/pt\/wp-json\/wp\/v2\/posts"}],"about":[{"href":"https:\/\/www.europesays.com\/pt\/wp-json\/wp\/v2\/types\/post"}],"author":[{"embeddable":true,"href":"https:\/\/www.europesays.com\/pt\/wp-json\/wp\/v2\/users\/2"}],"replies":[{"embeddable":true,"href":"https:\/\/www.europesays.com\/pt\/wp-json\/wp\/v2\/comments?post=206962"}],"version-history":[{"count":0,"href":"https:\/\/www.europesays.com\/pt\/wp-json\/wp\/v2\/posts\/206962\/revisions"}],"wp:featuredmedia":[{"embeddable":true,"href":"https:\/\/www.europesays.com\/pt\/wp-json\/wp\/v2\/media\/206963"}],"wp:attachment":[{"href":"https:\/\/www.europesays.com\/pt\/wp-json\/wp\/v2\/media?parent=206962"}],"wp:term":[{"taxonomy":"category","embeddable":true,"href":"https:\/\/www.europesays.com\/pt\/wp-json\/wp\/v2\/categories?post=206962"},{"taxonomy":"post_tag","embeddable":true,"href":"https:\/\/www.europesays.com\/pt\/wp-json\/wp\/v2\/tags?post=206962"}],"curies":[{"name":"wp","href":"https:\/\/api.w.org\/{rel}","templated":true}]}}