{"id":206988,"date":"2025-12-29T21:11:10","date_gmt":"2025-12-29T21:11:10","guid":{"rendered":"https:\/\/www.europesays.com\/pt\/206988\/"},"modified":"2025-12-29T21:11:10","modified_gmt":"2025-12-29T21:11:10","slug":"claudio-ramos-enerva-se-e-levanta-a-voz-por-causa-de-pedro-ele-e-assim-com-todas-as-mulheres-secret-story","status":"publish","type":"post","link":"https:\/\/www.europesays.com\/pt\/206988\/","title":{"rendered":"Cl\u00e1udio Ramos enerva-se e levanta a voz por causa de Pedro: \u00abEle \u00e9 assim com todas as mulheres\u00bb &#8211; Secret Story"},"content":{"rendered":"<p>Cl\u00e1udio Ramos protagonizou um momento marcante esta segunda-feira no programa &#8216;Dois \u00e0s 10&#8217; da TVI. Enquanto comentavam os \u00faltimos acontecimentos do &#8216;Secret Story 9&#8217;, o apresentador enervou-se ao dar a sua opini\u00e3o sobre a postura de Pedro Jorge no programa.\u00a0<\/p>\n<p>\u00abEle foi assim com todas as mulheres da casa. N\u00e3o vamos achar que o Pedro Jorge \u00e9 aquele tontinho que est\u00e1 nas galas, porque ele \u00e9 assim com todas as mulheres\u00bb, come\u00e7ou por referir Cl\u00e1udio Ramos, em conversa com Cristina Ferreira e os comentadores Gon\u00e7alo Quinaz, Lu\u00edsa Castel-Branco e Adriano Silva Martins.\u00a0<\/p>\n<p>O apresentador acrescentou: \u00abN\u00e3o \u00e9 por acaso que todas as mulheres que se sentaram \u00e0 minha frente &#8211; todas &#8211; disseram que o Pedro Jorge lhes levanta a voz e tem com elas um comportamento diferente. N\u00e3o \u00e9 por acaso que a Marisa Susana \u00e0 nossa frente disse que se ela lhe tivesse dado ab\u00e9bias, eles tinham tido um caso\u00bb.\u00a0<\/p>\n<p>Veja o v\u00eddeo em baixo:<\/p>\n<p>\u00a0<\/p>\n","protected":false},"excerpt":{"rendered":"Cl\u00e1udio Ramos protagonizou um momento marcante esta segunda-feira no programa &#8216;Dois \u00e0s 10&#8217; da TVI. Enquanto comentavam os&hellip;\n","protected":false},"author":2,"featured_media":206989,"comment_status":"","ping_status":"","sticky":false,"template":"","format":"standard","meta":{"footnotes":""},"categories":[142],"tags":[18706,329,114,115,18705,14646,32,33,151,18704],"class_list":{"0":"post-206988","1":"post","2":"type-post","3":"status-publish","4":"format-standard","5":"has-post-thumbnail","7":"category-tv","8":"tag-bastidores-secret-story","9":"tag-claudio-ramos","10":"tag-entertainment","11":"tag-entretenimento","12":"tag-entrevistas-concorrentes-tvi","13":"tag-pedro","14":"tag-portugal","15":"tag-pt","16":"tag-tv","17":"tag-vida-fora-da-casa"},"share_on_mastodon":{"url":"https:\/\/pubeurope.com\/@pt\/115804915869615915","error":""},"_links":{"self":[{"href":"https:\/\/www.europesays.com\/pt\/wp-json\/wp\/v2\/posts\/206988","targetHints":{"allow":["GET"]}}],"collection":[{"href":"https:\/\/www.europesays.com\/pt\/wp-json\/wp\/v2\/posts"}],"about":[{"href":"https:\/\/www.europesays.com\/pt\/wp-json\/wp\/v2\/types\/post"}],"author":[{"embeddable":true,"href":"https:\/\/www.europesays.com\/pt\/wp-json\/wp\/v2\/users\/2"}],"replies":[{"embeddable":true,"href":"https:\/\/www.europesays.com\/pt\/wp-json\/wp\/v2\/comments?post=206988"}],"version-history":[{"count":0,"href":"https:\/\/www.europesays.com\/pt\/wp-json\/wp\/v2\/posts\/206988\/revisions"}],"wp:featuredmedia":[{"embeddable":true,"href":"https:\/\/www.europesays.com\/pt\/wp-json\/wp\/v2\/media\/206989"}],"wp:attachment":[{"href":"https:\/\/www.europesays.com\/pt\/wp-json\/wp\/v2\/media?parent=206988"}],"wp:term":[{"taxonomy":"category","embeddable":true,"href":"https:\/\/www.europesays.com\/pt\/wp-json\/wp\/v2\/categories?post=206988"},{"taxonomy":"post_tag","embeddable":true,"href":"https:\/\/www.europesays.com\/pt\/wp-json\/wp\/v2\/tags?post=206988"}],"curies":[{"name":"wp","href":"https:\/\/api.w.org\/{rel}","templated":true}]}}