{"id":206996,"date":"2025-12-29T21:15:14","date_gmt":"2025-12-29T21:15:14","guid":{"rendered":"https:\/\/www.europesays.com\/pt\/206996\/"},"modified":"2025-12-29T21:15:14","modified_gmt":"2025-12-29T21:15:14","slug":"um-mes-depois-da-morte-de-ravi-familia-ainda-busca-respostas","status":"publish","type":"post","link":"https:\/\/www.europesays.com\/pt\/206996\/","title":{"rendered":"Um m\u00eas depois da morte de Ravi, fam\u00edlia ainda busca respostas"},"content":{"rendered":"<p><strong>Uma fam\u00edlia de Sarandi acusa a Unidade de Pronto Atendimento da cidade de neglig\u00eancia e erro m\u00e9dico. No dia 24 de novembro, Ravi Lucas, de dois meses, morreu ap\u00f3s receber atendimento na unidade. A av\u00f3 da crian\u00e7a diz que o beb\u00ea foi medicado com antibi\u00f3tico e depois disso come\u00e7ou a passar mal. A m\u00e9dica que atendeu a crian\u00e7a foi alertada que o beb\u00ea poderia ser al\u00e9rgico.<\/strong><\/p>\n<p>A fam\u00edlia de Ravi Lucas vive um luto carregado de indigna\u00e7\u00e3o.<\/p>\n<p>&#13;<\/p>\n<p>No dia 22 de novembro, um s\u00e1bado, a crian\u00e7a deu entrada na Unidade de Pronto Atendimento (UPA) de Sarandi com uma febre.<\/p>\n<p>&#13;<\/p>\n<p>Fez exames e foi liberada.<\/p>\n<p>&#13;<\/p>\n<p>No dia 23, apareceu uma \u00edngua no pesco\u00e7o do beb\u00ea, e a fam\u00edlia levou Ravi novamente \u00e0 UPA.<\/p>\n<p>&#13;<\/p>\n<p>A m\u00e9dica de plant\u00e3o pediu novos exames e o resultado apontou uma infec\u00e7\u00e3o na urina.<\/p>\n<p>&#13;<\/p>\n<p>Foi prescrito um antibi\u00f3tico injet\u00e1vel e depois disso apareceram manchas roxas na crian\u00e7a.<\/p>\n<p>&#13;<\/p>\n<p>O Samu foi chamado e levou o beb\u00ea para a Santa Casa de Maring\u00e1, onde Ravi morreu, no come\u00e7o da manh\u00e3 do dia 24.<\/p>\n<p>&#13;<\/p>\n<p>A fam\u00edlia de Ravi registrou queixa por erro m\u00e9dico e neglig\u00eancia contra a UPA de Sarandi porque tanto a av\u00f3, quanto a m\u00e3e da crian\u00e7a teriam alertado os profissionais de sa\u00fade que Ravi poderia ser al\u00e9rgico a medicamentos.<\/p>\n<p>&#13;<\/p>\n<p>O inqu\u00e9rito policial foi aberto e a Prefeitura de Sarandi tamb\u00e9m abriu uma sindic\u00e2ncia interna.<\/p>\n<p>&#13;<\/p>\n<p>Mas um m\u00eas depois a fam\u00edlia segue sem respostas sobre o que aconteceu com a crian\u00e7a.<\/p>\n<p>&#13;<\/p>\n<p>A av\u00f3, Graziela Ara\u00fajo, n\u00e3o consegue esquecer a afli\u00e7\u00e3o dos \u00faltimos momentos de Ravi. [ou\u00e7a o \u00e1udio]<\/p>\n<p>&#13;<\/p>\n<p>A CBN entrou em contato com a Prefeitura de Sarandi para saber como est\u00e1 o andamento do processo administrativo. A CBN tamb\u00e9m entrou em contato com a delegacia de Pol\u00edcia Civil. As informa\u00e7\u00f5es sobre o caso s\u00f3 ser\u00e3o repassadas ap\u00f3s o recesso de fim de ano.<\/p>\n<p>Retorno: Ravi era filho \u00fanico e a m\u00e3e est\u00e1 com depress\u00e3o. A fam\u00edlia n\u00e3o tem suporte psicol\u00f3gico.<\/p>\n","protected":false},"excerpt":{"rendered":"Uma fam\u00edlia de Sarandi acusa a Unidade de Pronto Atendimento da cidade de neglig\u00eancia e erro m\u00e9dico. No&hellip;\n","protected":false},"author":2,"featured_media":206997,"comment_status":"","ping_status":"","sticky":false,"template":"","format":"standard","meta":{"footnotes":""},"categories":[86],"tags":[2557,40772,40773,40770,116,40774,4127,32,33,40771,117],"class_list":{"0":"post-206996","1":"post","2":"type-post","3":"status-publish","4":"format-standard","5":"has-post-thumbnail","7":"category-saude","8":"tag-bebe","9":"tag-bebe-morre","10":"tag-bebe-morre-na-upa","11":"tag-cbn-maringa","12":"tag-health","13":"tag-negligencia-medica","14":"tag-parana","15":"tag-portugal","16":"tag-pt","17":"tag-sarandi","18":"tag-saude"},"share_on_mastodon":{"url":"https:\/\/pubeurope.com\/@pt\/115804931538523346","error":""},"_links":{"self":[{"href":"https:\/\/www.europesays.com\/pt\/wp-json\/wp\/v2\/posts\/206996","targetHints":{"allow":["GET"]}}],"collection":[{"href":"https:\/\/www.europesays.com\/pt\/wp-json\/wp\/v2\/posts"}],"about":[{"href":"https:\/\/www.europesays.com\/pt\/wp-json\/wp\/v2\/types\/post"}],"author":[{"embeddable":true,"href":"https:\/\/www.europesays.com\/pt\/wp-json\/wp\/v2\/users\/2"}],"replies":[{"embeddable":true,"href":"https:\/\/www.europesays.com\/pt\/wp-json\/wp\/v2\/comments?post=206996"}],"version-history":[{"count":0,"href":"https:\/\/www.europesays.com\/pt\/wp-json\/wp\/v2\/posts\/206996\/revisions"}],"wp:featuredmedia":[{"embeddable":true,"href":"https:\/\/www.europesays.com\/pt\/wp-json\/wp\/v2\/media\/206997"}],"wp:attachment":[{"href":"https:\/\/www.europesays.com\/pt\/wp-json\/wp\/v2\/media?parent=206996"}],"wp:term":[{"taxonomy":"category","embeddable":true,"href":"https:\/\/www.europesays.com\/pt\/wp-json\/wp\/v2\/categories?post=206996"},{"taxonomy":"post_tag","embeddable":true,"href":"https:\/\/www.europesays.com\/pt\/wp-json\/wp\/v2\/tags?post=206996"}],"curies":[{"name":"wp","href":"https:\/\/api.w.org\/{rel}","templated":true}]}}