{"id":207004,"date":"2025-12-29T21:21:16","date_gmt":"2025-12-29T21:21:16","guid":{"rendered":"https:\/\/www.europesays.com\/pt\/207004\/"},"modified":"2025-12-29T21:21:16","modified_gmt":"2025-12-29T21:21:16","slug":"morreu-cecilia-gimenez-a-autora-do-pior-restauro-da-historia-cultura","status":"publish","type":"post","link":"https:\/\/www.europesays.com\/pt\/207004\/","title":{"rendered":"Morreu Cecilia Gim\u00e9nez, a autora do pior \u201crestauro da Hist\u00f3ria\u201d | Cultura"},"content":{"rendered":"<p>Cecilia Gim\u00e9nez, a paroquiana que ficou mundialmente famosa pelo pol\u00e9mico \u201crestauro\u201d da pintura Ecce Homo no santu\u00e1rio de Borja, morreu nesta segunda-feira aos 94 anos. Segundo o <a href=\"https:\/\/elpais.com\/espana\/2025-12-29\/muere-cecilia-gimenez-la-anciana-que-hizo-famoso-el-ecce-hommo-de-borja.html\" target=\"_blank\" rel=\"nofollow noopener\">El Pa\u00eds<\/a>, a idosa morreu no lar onde vivia com o seu filho, que tinha defici\u00eancias intelectuais, na mesma localidade onde a pintura ganhou notoriedade.<\/p>\n<p>Cecilia era uma pintora amadora espanhola, cuja hist\u00f3ria correu o mundo depois de uma tentativa de restaurar uma pintura danificada do s\u00e9culo XIX numa igreja local, na regi\u00e3o de Sarago\u00e7a. A obra, que representava Jesus Cristo, pertencia a El\u00edas Garc\u00eda Mart\u00ednez, que a doou ao santu\u00e1rio no in\u00edcio do s\u00e9culo XX. O restauro, que na altura a autora justificou ter sido feito \u201ccom boa inten\u00e7\u00e3o\u201d e de forma \u201cespont\u00e2nea\u201d, resultou numa representa\u00e7\u00e3o caricata de Jesus, que os <a href=\"https:\/\/www.publico.pt\/2012\/08\/22\/culturaipsilon\/noticia\/bastaram-duas-horas-para-pintar-a-obra-destruida-que-sera-muito-dificil-de-restaurar-1560018\" rel=\"nofollow noopener\" target=\"_blank\">respons\u00e1veis pelo patrim\u00f3nio da regi\u00e3o classificaram como \u201cmuito dif\u00edcil\u201d de recuperar.<\/a><\/p>\n<p>O resultado acabou por atrair milhares de visitantes e <a href=\"https:\/\/www.publico.pt\/2012\/08\/24\/culturaipsilon\/noticia\/entre-piadas-e-tentativas-de-salvamento-ha-uma-universidade-interessada-na-nova-versao-de-ecce-homo--1560296#\/0\" rel=\"nofollow noopener\" target=\"_blank\">tornou-se viral na internet<\/a>. O fen\u00f3meno angariou, na altura, cerca de 50 mil euros para a funda\u00e7\u00e3o propriet\u00e1ria da igreja e para a pr\u00f3pria Cecilia. Contudo, Gim\u00e9nez atravessou um per\u00edodo depressivo devido \u00e0 reac\u00e7\u00e3o esmagadora e \u00e0 fama repentina que alcan\u00e7ou no mundo. A imagem foi apelidada de v\u00e1rias formas, incluindo \u201ca pior restaura\u00e7\u00e3o da Hist\u00f3ria\u201d, \u201cJesus besta\u201d e \u201cum desenho a l\u00e1pis de cera de um macaco muito peludo numa t\u00fanica mal ajustada\u201d.<\/p>\n<p>A obra acabou por inspirar document\u00e1rios e at\u00e9 uma \u00f3pera em Nova Iorque, originando debates cr\u00edticos sobre a sua natureza art\u00edstica e sociol\u00f3gica. Em 2012, v\u00e1rias vers\u00f5es retrabalhadas do \u201cnovo\u201d Jesus foram expostas no Centro de Cultura Contempor\u00e2nea de Barcelona, numa iniciativa organizada pela <a href=\"https:\/\/www.publico.pt\/2013\/05\/30\/p3\/noticia\/wallpeople-o-projecto-de-arte-na-rua-esta-de-volta-1817299\" rel=\"nofollow noopener\" target=\"_blank\">Wallpeople<\/a>, um projecto internacional de arte colaborativa. Chegou mesmo a falar-se da obra de Cecilia Gim\u00e9nez como \u201cum \u00edcone da cultura pop\u201d.<\/p>\n","protected":false},"excerpt":{"rendered":"Cecilia Gim\u00e9nez, a paroquiana que ficou mundialmente famosa pelo pol\u00e9mico \u201crestauro\u201d da pintura Ecce Homo no santu\u00e1rio de&hellip;\n","protected":false},"author":2,"featured_media":207005,"comment_status":"","ping_status":"","sticky":false,"template":"","format":"standard","meta":{"footnotes":""},"categories":[8],"tags":[995,27,28,315,353,640,15,16,14,25,26,21,22,62,12,13,19,20,419,6899,32,23,24,33,17,18,29,30,31],"class_list":{"0":"post-207004","1":"post","2":"type-post","3":"status-publish","4":"format-standard","5":"has-post-thumbnail","7":"category-principais-noticias","8":"tag-abre-conteudo","9":"tag-breaking-news","10":"tag-breakingnews","11":"tag-cultura","12":"tag-em-destaque","13":"tag-espanha","14":"tag-featured-news","15":"tag-featurednews","16":"tag-headlines","17":"tag-latest-news","18":"tag-latestnews","19":"tag-main-news","20":"tag-mainnews","21":"tag-mundo","22":"tag-news","23":"tag-noticias","24":"tag-noticias-principais","25":"tag-noticiasprincipais","26":"tag-patrimonio","27":"tag-pintura","28":"tag-portugal","29":"tag-principais-noticias","30":"tag-principaisnoticias","31":"tag-pt","32":"tag-top-stories","33":"tag-topstories","34":"tag-ultimas","35":"tag-ultimas-noticias","36":"tag-ultimasnoticias"},"share_on_mastodon":{"url":"https:\/\/pubeurope.com\/@pt\/115804955268766772","error":""},"_links":{"self":[{"href":"https:\/\/www.europesays.com\/pt\/wp-json\/wp\/v2\/posts\/207004","targetHints":{"allow":["GET"]}}],"collection":[{"href":"https:\/\/www.europesays.com\/pt\/wp-json\/wp\/v2\/posts"}],"about":[{"href":"https:\/\/www.europesays.com\/pt\/wp-json\/wp\/v2\/types\/post"}],"author":[{"embeddable":true,"href":"https:\/\/www.europesays.com\/pt\/wp-json\/wp\/v2\/users\/2"}],"replies":[{"embeddable":true,"href":"https:\/\/www.europesays.com\/pt\/wp-json\/wp\/v2\/comments?post=207004"}],"version-history":[{"count":0,"href":"https:\/\/www.europesays.com\/pt\/wp-json\/wp\/v2\/posts\/207004\/revisions"}],"wp:featuredmedia":[{"embeddable":true,"href":"https:\/\/www.europesays.com\/pt\/wp-json\/wp\/v2\/media\/207005"}],"wp:attachment":[{"href":"https:\/\/www.europesays.com\/pt\/wp-json\/wp\/v2\/media?parent=207004"}],"wp:term":[{"taxonomy":"category","embeddable":true,"href":"https:\/\/www.europesays.com\/pt\/wp-json\/wp\/v2\/categories?post=207004"},{"taxonomy":"post_tag","embeddable":true,"href":"https:\/\/www.europesays.com\/pt\/wp-json\/wp\/v2\/tags?post=207004"}],"curies":[{"name":"wp","href":"https:\/\/api.w.org\/{rel}","templated":true}]}}