{"id":207008,"date":"2025-12-29T21:25:07","date_gmt":"2025-12-29T21:25:07","guid":{"rendered":"https:\/\/www.europesays.com\/pt\/207008\/"},"modified":"2025-12-29T21:25:07","modified_gmt":"2025-12-29T21:25:07","slug":"o-dinheiro-nao-compra-nocao","status":"publish","type":"post","link":"https:\/\/www.europesays.com\/pt\/207008\/","title":{"rendered":"\u201cO dinheiro n\u00e3o compra no\u00e7\u00e3o\u2026\u201d"},"content":{"rendered":"<p>L\u00eddia Rodrigues recorreu \u00e0 rede social Instagram esta segunda-feira, dia 29 de dezembro, para falar da troca de farpas com Dylan Fonte, na gala do Secret Story (leia <a href=\"https:\/\/www.hiper.fm\/tenso-dylan-fonte-e-lidia-rodrigues-trocam-farpas-em-direto-e-tipo-aqueles-caes\/\" target=\"_blank\" rel=\"noopener nofollow\">aqui<\/a>). O namorado de In\u00eas disse, entre outras coisas, que a ex-colega deveria ser grata ap\u00f3s receber ajuda da sua m\u00e3e.<\/p>\n<p>A ex-concorrente do reality show come\u00e7ou por dizer que o que aconteceu foi <strong>\u201ctriste\u201d<\/strong> e ficou<strong> \u201csurpreendida\u201d<\/strong> e, por isso, n\u00e3o teve <strong>\u201cno\u00e7\u00e3o da gravidade dos insultos\u201d<\/strong>. Mais \u00e0 frente, L\u00eddia Rodrigues deixou claro: <strong>\u201cNo dia em que eu me calar a macho escroto por dinheiro, voc\u00eas, por amor de Deus, internem-me, porque eu n\u00e3o estou bem\u201d<\/strong>.<\/p>\n<p>Nos v\u00eddeos, a ex-participante deixou claro que foi ela quem <strong>\u201cprotegeu a m\u00e3e do Dylan e o Dylan em qualquer circunst\u00e2ncia, mais do que toda a gente\u201d<\/strong>: <strong>\u201cExatamente por isso \u00e9 que eu sa\u00ed prejudicada, tanto no jogo, como fora do jogo, por pessoas que n\u00e3o sabem ser gratas, por eu ter calado a minha boca\u201d<\/strong>.<\/p>\n<p>L\u00eddia Rodrigues afirmou que <strong>\u201ca maior parte das coisas que saem da boca\u201d<\/strong> do namorado de In\u00eas s\u00e3o <strong>\u201cmentiras para demonstrar humildade\u201d<\/strong>. Al\u00e9m disso, esclareceu que a m\u00e3e de Dylan <strong>\u201cteve uma presta\u00e7\u00e3o de servi\u00e7os\u201d<\/strong>, negando que lhe tivesse sido dada qualquer <strong>\u201cquantia\u201d<\/strong> de dinheiro em <strong>\u201cmomentos de afli\u00e7\u00e3o\u201d<\/strong>: <strong>\u201c\u00c9 totalmente mentira [as palavras de Dylan Fonte]\u201d<\/strong>.<\/p>\n<p>A ex-concorrente sublinhou que a m\u00e3e de Dylan Fonte foi uma cliente dos seus servi\u00e7os \u2013 L\u00eddia Rodrigues \u00e9 terapeuta espiritual \u2013 sendo, portanto, uma ajuda<strong> \u201cm\u00fatua\u201d<\/strong>. Referiu ainda que a sua ajuda \u00e0 m\u00e3e de Dylan Fonte aconteceu por causa das <strong>\u201cloucuras\u201d<\/strong> feitas pelo ex-participante do Secret Story 9.<\/p>\n<p><strong>\u201cSe h\u00e1 c\u00e3o que cospe no prato onde come, \u00e9 ele\u201d<\/strong>, acrescentou L\u00eddia Rodrigues. A ex-participante \u201catirou\u201d: <strong>\u201cH\u00e1 uma coisa que eu tenho de deixar aqui expl\u00edcita: o dinheiro n\u00e3o compra no\u00e7\u00e3o, humildade e n\u00e3o compra intelig\u00eancia\u201d<\/strong>.<\/p>\n<p>Mais \u00e0 frente, deixou claro que, na gala, estava a falar do jogo de In\u00eas e do facto de a participante n\u00e3o merecer estar na final quando come\u00e7ou a troca de farpas com Dylan Fonte. Al\u00e9m disso, sublinhou que aquela era apenas a sua opini\u00e3o e n\u00e3o estava relacionada com o namorado da participante.<\/p>\n<p>L\u00eddia Rodrigues deixou uma dica a Dylan Fonte: <strong>\u201cProtege tu a tua m\u00e3e [\u2026]. Protege tu a tua fam\u00edlia [\u2026]. Ganha um bocado de senso\u201d<\/strong>. Por fim, deixou um aviso: <strong>\u201cN\u00e3o mexam com aquilo que est\u00e1 quieto, acabou o facto de eu me prejudicar em prol dos outros\u201d<\/strong>.<\/p>\n<p>Veja o v\u00eddeo aqui:<\/p>\n","protected":false},"excerpt":{"rendered":"L\u00eddia Rodrigues recorreu \u00e0 rede social Instagram esta segunda-feira, dia 29 de dezembro, para falar da troca de&hellip;\n","protected":false},"author":2,"featured_media":207009,"comment_status":"","ping_status":"","sticky":false,"template":"","format":"standard","meta":{"footnotes":""},"categories":[142],"tags":[21040,114,115,330,40775,32,33,1315,151],"class_list":{"0":"post-207008","1":"post","2":"type-post","3":"status-publish","4":"format-standard","5":"has-post-thumbnail","7":"category-tv","8":"tag-dylan-fonte","9":"tag-entertainment","10":"tag-entretenimento","11":"tag-gala","12":"tag-lu00eddia-rodrigues","13":"tag-portugal","14":"tag-pt","15":"tag-secret-story","16":"tag-tv"},"share_on_mastodon":{"url":"https:\/\/pubeurope.com\/@pt\/115804970987671548","error":""},"_links":{"self":[{"href":"https:\/\/www.europesays.com\/pt\/wp-json\/wp\/v2\/posts\/207008","targetHints":{"allow":["GET"]}}],"collection":[{"href":"https:\/\/www.europesays.com\/pt\/wp-json\/wp\/v2\/posts"}],"about":[{"href":"https:\/\/www.europesays.com\/pt\/wp-json\/wp\/v2\/types\/post"}],"author":[{"embeddable":true,"href":"https:\/\/www.europesays.com\/pt\/wp-json\/wp\/v2\/users\/2"}],"replies":[{"embeddable":true,"href":"https:\/\/www.europesays.com\/pt\/wp-json\/wp\/v2\/comments?post=207008"}],"version-history":[{"count":0,"href":"https:\/\/www.europesays.com\/pt\/wp-json\/wp\/v2\/posts\/207008\/revisions"}],"wp:featuredmedia":[{"embeddable":true,"href":"https:\/\/www.europesays.com\/pt\/wp-json\/wp\/v2\/media\/207009"}],"wp:attachment":[{"href":"https:\/\/www.europesays.com\/pt\/wp-json\/wp\/v2\/media?parent=207008"}],"wp:term":[{"taxonomy":"category","embeddable":true,"href":"https:\/\/www.europesays.com\/pt\/wp-json\/wp\/v2\/categories?post=207008"},{"taxonomy":"post_tag","embeddable":true,"href":"https:\/\/www.europesays.com\/pt\/wp-json\/wp\/v2\/tags?post=207008"}],"curies":[{"name":"wp","href":"https:\/\/api.w.org\/{rel}","templated":true}]}}