{"id":207020,"date":"2025-12-29T21:33:07","date_gmt":"2025-12-29T21:33:07","guid":{"rendered":"https:\/\/www.europesays.com\/pt\/207020\/"},"modified":"2025-12-29T21:33:07","modified_gmt":"2025-12-29T21:33:07","slug":"russia-ameaca-abandonar-negociacoes-apos-ataque-de-kiev-a-residencia-de-ferias-de-putin-invasao-da-ucrania","status":"publish","type":"post","link":"https:\/\/www.europesays.com\/pt\/207020\/","title":{"rendered":"R\u00fassia amea\u00e7a abandonar negocia\u00e7\u00f5es ap\u00f3s &#8220;ataque de Kiev a resid\u00eancia de f\u00e9rias de Putin&#8221; &#8211; Invas\u00e3o da Ucr\u00e2nia"},"content":{"rendered":"<p class=\"\">&#13;<br \/>\n        O governo russo amea\u00e7ou esta segunda-feira abandonar a mesa das negocia\u00e7\u00f5es depois de ter\u00a0 acusado a Ucr\u00e2nia de um alegado ataque contra a resid\u00eancia de f\u00e9rias de Vladimir Putin. \u201cA posi\u00e7\u00e3o negocial da R\u00fassia ser\u00e1 revista, dada a transi\u00e7\u00e3o definitiva de Kiev para uma pol\u00edtica de terrorismo de Estado\u201d, afirmou o ministro russo dos Neg\u00f3cios Estrangeiros, Serguey Lavrov.&#13;\n    <\/p>\n<p class=\"\">&#13;<br \/>\n        Uma alega\u00e7\u00e3o que Zelensky refutou, afirmando que a alega\u00e7\u00e3o russa era uma \u201cinven\u00e7\u00e3o completa destinada a justificar mais ataques contra a Ucr\u00e2nia\u201d.&#13;\n    <\/p>\n<p class=\"\">&#13;<br \/>\n        Segundo a vers\u00e3o de Moscovo, a R\u00fassia abateu 91 drones que a Ucr\u00e2nia teria lan\u00e7ado sobre a resid\u00eancia do l\u00edder russo na regi\u00e3o de Novgorod. \u201cO ataque contra a resid\u00eancia presidencial russa n\u00e3o ficar\u00e1 sem resposta\u201d, advertiu Lavrov, que garante que o bombardeamento russo sobre a Ucr\u00e2nia n\u00e3o tardar\u00e1. Depois de o Kremlin ter lan\u00e7ado as acusa\u00e7\u00f5es contra Kiev, a porta-voz da Casa Branca, Karoline Leavitt, anunciou nas redes sociais que Trump teve uma \u201cconversa positiva\u201d com Putin sobre a Ucr\u00e2nia.&#13;\n    <\/p>\n<p class=\"\">&#13;<br \/>\n        Tudo indica que as negocia\u00e7\u00f5es se aproximam de um ponto cr\u00edtico em janeiro, antes do quarto anivers\u00e1rio da invas\u00e3o a 24 de fevereiro de 2022. De resto, o Presidente franc\u00eas, Emmanuel Macron, anunciou que os aliados de Kiev v\u00e3o reunir-se em Paris no in\u00edcio do pr\u00f3ximo m\u00eas para \u201cfinalizar as contribui\u00e7\u00f5es concretas de cada pa\u00eds\u201d para as garantias de seguran\u00e7a.&#13;\n    <\/p>\n<p class=\"\">&#13;<br \/>\n        Putin disse ao Presidente norte-americano, Donald Trump, que pretende trabalhar de perto com os EUA nos esfor\u00e7os de paz mas ir\u00e1 reconsiderar v\u00e1rios acordos previamente alcan\u00e7ados, referiu o conselheiro de pol\u00edtica externa do Kremlin, Yuri Ushakov, \u00e0s ag\u00eancias noticiosas russas.&#13;\n    <\/p>\n","protected":false},"excerpt":{"rendered":"&#13; O governo russo amea\u00e7ou esta segunda-feira abandonar a mesa das negocia\u00e7\u00f5es depois de ter\u00a0 acusado a Ucr\u00e2nia&hellip;\n","protected":false},"author":2,"featured_media":206235,"comment_status":"","ping_status":"","sticky":false,"template":"","format":"standard","meta":{"footnotes":""},"categories":[50],"tags":[996,27,28,92,15,16,3755,14,4167,6164,25,26,21,22,62,12,13,19,20,40720,52,23,24,839,8270,17,18,840,29,30,31,2415,63,64,65],"class_list":{"0":"post-207020","1":"post","2":"type-post","3":"status-publish","4":"format-standard","5":"has-post-thumbnail","7":"category-mundo","8":"tag-aniversario","9":"tag-breaking-news","10":"tag-breakingnews","11":"tag-donald-trump","12":"tag-featured-news","13":"tag-featurednews","14":"tag-ferias","15":"tag-headlines","16":"tag-kiev","17":"tag-kremlin","18":"tag-latest-news","19":"tag-latestnews","20":"tag-main-news","21":"tag-mainnews","22":"tag-mundo","23":"tag-news","24":"tag-noticias","25":"tag-noticias-principais","26":"tag-noticiasprincipais","27":"tag-novgorod","28":"tag-politica","29":"tag-principais-noticias","30":"tag-principaisnoticias","31":"tag-russia","32":"tag-terrorismo","33":"tag-top-stories","34":"tag-topstories","35":"tag-ucrania","36":"tag-ultimas","37":"tag-ultimas-noticias","38":"tag-ultimasnoticias","39":"tag-vladimir-putin","40":"tag-world","41":"tag-world-news","42":"tag-worldnews"},"share_on_mastodon":{"url":"","error":"Validation failed: Text character limit of 500 exceeded"},"_links":{"self":[{"href":"https:\/\/www.europesays.com\/pt\/wp-json\/wp\/v2\/posts\/207020","targetHints":{"allow":["GET"]}}],"collection":[{"href":"https:\/\/www.europesays.com\/pt\/wp-json\/wp\/v2\/posts"}],"about":[{"href":"https:\/\/www.europesays.com\/pt\/wp-json\/wp\/v2\/types\/post"}],"author":[{"embeddable":true,"href":"https:\/\/www.europesays.com\/pt\/wp-json\/wp\/v2\/users\/2"}],"replies":[{"embeddable":true,"href":"https:\/\/www.europesays.com\/pt\/wp-json\/wp\/v2\/comments?post=207020"}],"version-history":[{"count":0,"href":"https:\/\/www.europesays.com\/pt\/wp-json\/wp\/v2\/posts\/207020\/revisions"}],"wp:featuredmedia":[{"embeddable":true,"href":"https:\/\/www.europesays.com\/pt\/wp-json\/wp\/v2\/media\/206235"}],"wp:attachment":[{"href":"https:\/\/www.europesays.com\/pt\/wp-json\/wp\/v2\/media?parent=207020"}],"wp:term":[{"taxonomy":"category","embeddable":true,"href":"https:\/\/www.europesays.com\/pt\/wp-json\/wp\/v2\/categories?post=207020"},{"taxonomy":"post_tag","embeddable":true,"href":"https:\/\/www.europesays.com\/pt\/wp-json\/wp\/v2\/tags?post=207020"}],"curies":[{"name":"wp","href":"https:\/\/api.w.org\/{rel}","templated":true}]}}