{"id":207021,"date":"2025-12-29T21:34:12","date_gmt":"2025-12-29T21:34:12","guid":{"rendered":"https:\/\/www.europesays.com\/pt\/207021\/"},"modified":"2025-12-29T21:34:12","modified_gmt":"2025-12-29T21:34:12","slug":"medicos-tarefeiros-dizem-que-urgencias-hospitalares-continuam-a-funcionar-devido-ao-seu-trabalho","status":"publish","type":"post","link":"https:\/\/www.europesays.com\/pt\/207021\/","title":{"rendered":"M\u00e9dicos tarefeiros dizem que urg\u00eancias hospitalares continuam a funcionar devido ao seu trabalho"},"content":{"rendered":"<p>&#13;<br \/>\nA associa\u00e7\u00e3o argumenta que os m\u00e9dicos tarefeiros &#8220;garantem escalas quando mais ningu\u00e9m est\u00e1 dispon\u00edvel&#8221; e que a depend\u00eancia do sistema em rela\u00e7\u00e3o a estes profissionais \u00e9 &#8220;total&#8221;.\u00a0&#13;\n<\/p>\n<p><b>&#8220;Somos n\u00f3s que asseguramos noites, fins de semana, feriados e \u00e9pocas cr\u00edticas. Somos n\u00f3s que mantemos portas abertas durante todo o ano&#8221;, sem &#8220;direito a f\u00e9rias&#8221;, a &#8220;toler\u00e2ncia de ponto&#8221; e sem &#8220;estabilidade contratual&#8221;<\/b>, l\u00ea-se no comunicado desta segunda-feira.\u00a0<\/p>\n<p>&#13;<br \/>\nA rec\u00e9m-criada Associa\u00e7\u00e3o de M\u00e9dicos Prestadores de Servi\u00e7os reconhece que h\u00e1 um &#8220;recurso excessivo e inadequado da popula\u00e7\u00e3o aos servi\u00e7os de urg\u00eancia&#8221;, mas refere tamb\u00e9m que<b> o n\u00famero de profissionais nos hospitais est\u00e1 &#8220;gravemente reduzido&#8221;<\/b> devido a &#8220;f\u00e9rias acumuladas e adiadas&#8221;, mas tamb\u00e9m porque os internos do ano comum j\u00e1 terminaram a forma\u00e7\u00e3o e os internos de forma\u00e7\u00e3o especializada ainda n\u00e3o iniciaram atividade cl\u00ednica.\u00a0&#13;\n<\/p>\n<p>\n<b>&#8220;\u00c9 neste cen\u00e1rio que fica completamente exposta a realidade que muitos preferem n\u00e3o ver: as urg\u00eancias hospitalares em Portugal funcionam porque existem m\u00e9dicos prestadores de servi\u00e7o&#8221;<\/b>, considerou a Associa\u00e7\u00e3o de M\u00e9dicos Prestadores de Servi\u00e7o.<\/p>\n<p>&#13;<br \/>\nNo documento enviado \u00e0s reda\u00e7\u00f5es, o presidente da\u00a0Associa\u00e7\u00e3o de &#13;<br \/>\nM\u00e9dicos Prestadores de Servi\u00e7o, Nuno Figueiredo e Sousa, salienta que <b>o &#13;<br \/>\natual modelo &#8220;assenta numa explora\u00e7\u00e3o silenciosa que se tornou &#13;<br \/>\nnormalizada&#8221;, algo que diz ser &#8220;inaceit\u00e1vel&#8221;.<\/b>&#13;\n<\/p>\n<p>&#13;<br \/>\n&#8220;A depend\u00eancia do sistema \u00e9 total. Neg\u00e1-la \u00e9 irrespons\u00e1vel. Ignor\u00e1-la \u00e9 perigoso&#8221;, vincou ainda.&#13;\n<\/p>\n<p>&#13;<br \/>\nNo entanto, o respons\u00e1vel alerta que em 2026 os m\u00e9dicos tarefeiros n\u00e3o estar\u00e3o &#8220;dispon\u00edveis a permanecer em condi\u00e7\u00f5es que n\u00e3o se coadunem&#8221; com a sua &#8220;profiss\u00e3o, responsabilidade e esp\u00edrito de sacrif\u00edcio&#8221;.&#13;\n<\/p>\n<p>&#13;<br \/>\n&#8220;Voca\u00e7\u00e3o n\u00e3o substitui descanso. Voca\u00e7\u00e3o n\u00e3o justifica precariedade. Os m\u00e9dicos prestadores de servi\u00e7o merecem melhores condi\u00e7\u00f5es laborais, em todas as dimens\u00f5es: contratuais,\u00a0remunerat\u00f3rias, organizacionais e humanas&#8221;, defende a associa\u00e7\u00e3o.&#13;\n<\/p>\n<p>&#13;<br \/>\nEm dezembro,\u00a0&#13;<\/p>\n","protected":false},"excerpt":{"rendered":"&#13; A associa\u00e7\u00e3o argumenta que os m\u00e9dicos tarefeiros &#8220;garantem escalas quando mais ningu\u00e9m est\u00e1 dispon\u00edvel&#8221; e que a&hellip;\n","protected":false},"author":2,"featured_media":207022,"comment_status":"","ping_status":"","sticky":false,"template":"","format":"standard","meta":{"footnotes":""},"categories":[10],"tags":[27,28,15,16,14,25,26,21,22,12,13,19,20,32,23,24,33,420,421,17,18,29,30,31],"class_list":{"0":"post-207021","1":"post","2":"type-post","3":"status-publish","4":"format-standard","5":"has-post-thumbnail","7":"category-portugal","8":"tag-breaking-news","9":"tag-breakingnews","10":"tag-featured-news","11":"tag-featurednews","12":"tag-headlines","13":"tag-latest-news","14":"tag-latestnews","15":"tag-main-news","16":"tag-mainnews","17":"tag-news","18":"tag-noticias","19":"tag-noticias-principais","20":"tag-noticiasprincipais","21":"tag-portugal","22":"tag-principais-noticias","23":"tag-principaisnoticias","24":"tag-pt","25":"tag-rtp","26":"tag-rtp-noticias","27":"tag-top-stories","28":"tag-topstories","29":"tag-ultimas","30":"tag-ultimas-noticias","31":"tag-ultimasnoticias"},"share_on_mastodon":{"url":"https:\/\/pubeurope.com\/@pt\/115805006380426153","error":""},"_links":{"self":[{"href":"https:\/\/www.europesays.com\/pt\/wp-json\/wp\/v2\/posts\/207021","targetHints":{"allow":["GET"]}}],"collection":[{"href":"https:\/\/www.europesays.com\/pt\/wp-json\/wp\/v2\/posts"}],"about":[{"href":"https:\/\/www.europesays.com\/pt\/wp-json\/wp\/v2\/types\/post"}],"author":[{"embeddable":true,"href":"https:\/\/www.europesays.com\/pt\/wp-json\/wp\/v2\/users\/2"}],"replies":[{"embeddable":true,"href":"https:\/\/www.europesays.com\/pt\/wp-json\/wp\/v2\/comments?post=207021"}],"version-history":[{"count":0,"href":"https:\/\/www.europesays.com\/pt\/wp-json\/wp\/v2\/posts\/207021\/revisions"}],"wp:featuredmedia":[{"embeddable":true,"href":"https:\/\/www.europesays.com\/pt\/wp-json\/wp\/v2\/media\/207022"}],"wp:attachment":[{"href":"https:\/\/www.europesays.com\/pt\/wp-json\/wp\/v2\/media?parent=207021"}],"wp:term":[{"taxonomy":"category","embeddable":true,"href":"https:\/\/www.europesays.com\/pt\/wp-json\/wp\/v2\/categories?post=207021"},{"taxonomy":"post_tag","embeddable":true,"href":"https:\/\/www.europesays.com\/pt\/wp-json\/wp\/v2\/tags?post=207021"}],"curies":[{"name":"wp","href":"https:\/\/api.w.org\/{rel}","templated":true}]}}