{"id":207023,"date":"2025-12-29T21:35:39","date_gmt":"2025-12-29T21:35:39","guid":{"rendered":"https:\/\/www.europesays.com\/pt\/207023\/"},"modified":"2025-12-29T21:35:39","modified_gmt":"2025-12-29T21:35:39","slug":"acionistas-da-impresa-aprovam-entrada-do-mfe-com-aumento-de-capital-media","status":"publish","type":"post","link":"https:\/\/www.europesays.com\/pt\/207023\/","title":{"rendered":"Acionistas da Impresa aprovam entrada do MFE com aumento de capital &#8211; Media"},"content":{"rendered":"<p class=\"\">&#13;<br \/>\n        Os acionistas da Impresa aprovaram em Assembleia-geral extraordin\u00e1ria o aumento de capital de 17,325 milh\u00f5es de euros, opera\u00e7\u00e3o que permitir\u00e1 a entrada do grupo italiano Media For Europe (MFE) no capital da dona da SIC e do Expresso. O aumento de capital dever\u00e1 ser integralmente subscrito pelo grupo controlado pela fam\u00edlia Berlusconi. A informa\u00e7\u00e3o foi comunicada pela empresa \u00e0 Comiss\u00e3o do Mercado de Valores Mobili\u00e1rios (CMVM).&#13;\n    <\/p>\n<p class=\"\">&#13;<br \/>\n        O passo dado nesta segunda-feira \u00e9 necess\u00e1rio, mas n\u00e3o suficiente para o sucesso da opera\u00e7\u00e3o. &#13;\n    <\/p>\n<p class=\"\">&#13;<br \/>\n        No prazo de um ano aprovado pelos acionistas para a concretiza\u00e7\u00e3o do aumento de capital &#8211; e que o Neg\u00f3cios sabe que \u00e9 meramente indicativo, sendo que\u00a0 a lei prev\u00ea um m\u00e1ximo de cinco anos\u00a0-, ter\u00e3o de ser satisfeitas outras condi\u00e7\u00f5es, nomeadamente a confirma\u00e7\u00e3o, por parte do regulador dos mercados, de que a MFE n\u00e3o fica obrigada a lan\u00e7ar uma\u00a0oferta p\u00fablica de aquisi\u00e7\u00e3o sobre o restante capital e a garantia, por parte dos bancos credores da Impresa, que &#8220;n\u00e3o exercer\u00e3o (ou a ren\u00fancia ao exerc\u00edcio de) quaisquer direitos ao abrigo de contratos de financiamento celebrados\u00a0pela Impresa e\/ou pelas suas subsidi\u00e1rias que resultem da celebra\u00e7\u00e3o do Acordo de\u00a0Investimento e a execu\u00e7\u00e3o dos atos nele previstos, em particular relativos a cl\u00e1usulas de\u00a0resolu\u00e7\u00e3o ou de vencimento antecipado&#8221;.\u00a0&#13;\n    <\/p>\n<p class=\"\">&#13;<br \/>\n        &#8220;Foi aprovada [&#8230;] a autoriza\u00e7\u00e3o ao Conselho de Administra\u00e7\u00e3o para proceder, no prazo de um ano contado da presente data, a um aumento de capital social da Sociedade no montante de\u00a0at\u00e9 17.325.000 euros mediante entradas\u00a0em dinheiro&#8221;,\u00a0anunciou a Impresa em comunicado enviado esta segunda-feira \u00e0 Comiss\u00e3o do Mercado de Valores Mobili\u00e1rios (CMVM).&#13;\n    <\/p>\n<p class=\"\">&#13;<br \/>\n        O aumento ser\u00e1 &#8220;integralmente subscrito\u00a0e realizado pela MFE, com supress\u00e3o do direito de prefer\u00eancia dos acionistas&#8221;.&#13;\n    <\/p>\n<p class=\"\">&#13;<br \/>\n        A opera\u00e7\u00e3o implica a emiss\u00e3o de 82,5 milh\u00f5es de novas a\u00e7\u00f5es a um pre\u00e7o unit\u00e1rio de 21 c\u00eantimos. Uma vez concretizada,\u00a0a MediaForEurope passar\u00e1 a deter 32,934% do capital da Impresa, enquanto a Impreger, da fam\u00edlia Balsem\u00e3o, ver\u00e1 a sua participa\u00e7\u00e3o reduzida para 33,738%, mantendo-se como maior acionista individual.\u00a0&#13;\n    <\/p>\n<p class=\"\">&#13;<br \/>\n        Em 26 de novembro, a Impresa anunciou a\u00a0parceria com a italiana MFE &#8211; MediaForEurope, um neg\u00f3cio considerado fundamental para garantir a viabilidade financeira da Impresa, que acumula 145 milh\u00f5es de euros de d\u00edvida l\u00edquida.&#13;\n    <\/p>\n<p class=\"\">&#13;<br \/>\n        &#8220;Em conjunto com a holding Impreger, acionista maiorit\u00e1ria da Impresa, assinou um acordo de investimento com a MFE&#8221;, atrav\u00e9s do qual &#8220;esta \u00faltima se compromete a subscrever novas a\u00e7\u00f5es da Impresa, a emitir em aumento de capital social, o que levar\u00e1 a que passe a deter uma posi\u00e7\u00e3o acionista de 32,934% no capital social&#8221; do grupo, referiu na altura a dona da SIC.&#13;\n    <\/p>\n<p class=\"\">&#13;<br \/>\n        Entretanto, a Impresa revelou, este domingo \u00e0 noite, proje\u00e7\u00f5es financeiras para os pr\u00f3ximos anos,\u00a0esperando um aumento ligeiro das receitas at\u00e9 2028. De acordo com a proje\u00e7\u00e3o das contas consolidadas at\u00e9 2028, a empresa de media estima uma taxa m\u00e9dia de crescimento anual de 0,5% nas receitas.\u00a0 Para este ano, s\u00e3o estimadas receitas consolidadas de 179 milh\u00f5es de euros.&#13;\n    <\/p>\n<p class=\"\">&#13;<br \/>\n        A taxa m\u00e9dia de crescimento anual para o resultado antes de impostos, juros, deprecia\u00e7\u00f5es e amortiza\u00e7\u00f5es (EBITDA) \u00e9 de 7,2%, projetando atingir 24,3 milh\u00f5es de euros em 2028.\u00a0\u00a0&#13;\n    <\/p>\n<p class=\"\">&#13;<br \/>\n        Quanto ao investimento (Capex), a taxa m\u00e9dia de crescimento anual para igual per\u00edodo \u00e9 de 9,6%. A estimativa para este ano \u00e9 de 1,9 milh\u00f5es de euros e de 3,7 milh\u00f5es de euros em 2028.&#13;\n    <\/p>\n","protected":false},"excerpt":{"rendered":"&#13; Os acionistas da Impresa aprovaram em Assembleia-geral extraordin\u00e1ria o aumento de capital de 17,325 milh\u00f5es de euros,&hellip;\n","protected":false},"author":2,"featured_media":207024,"comment_status":"","ping_status":"","sticky":false,"template":"","format":"standard","meta":{"footnotes":""},"categories":[8],"tags":[27,28,15,16,14,22361,25,26,21,22,12,13,19,20,32,23,24,33,218,17,18,29,30,31],"class_list":{"0":"post-207023","1":"post","2":"type-post","3":"status-publish","4":"format-standard","5":"has-post-thumbnail","7":"category-principais-noticias","8":"tag-breaking-news","9":"tag-breakingnews","10":"tag-featured-news","11":"tag-featurednews","12":"tag-headlines","13":"tag-impresa","14":"tag-latest-news","15":"tag-latestnews","16":"tag-main-news","17":"tag-mainnews","18":"tag-news","19":"tag-noticias","20":"tag-noticias-principais","21":"tag-noticiasprincipais","22":"tag-portugal","23":"tag-principais-noticias","24":"tag-principaisnoticias","25":"tag-pt","26":"tag-televisao","27":"tag-top-stories","28":"tag-topstories","29":"tag-ultimas","30":"tag-ultimas-noticias","31":"tag-ultimasnoticias"},"share_on_mastodon":{"url":"https:\/\/pubeurope.com\/@pt\/115805010316735665","error":""},"_links":{"self":[{"href":"https:\/\/www.europesays.com\/pt\/wp-json\/wp\/v2\/posts\/207023","targetHints":{"allow":["GET"]}}],"collection":[{"href":"https:\/\/www.europesays.com\/pt\/wp-json\/wp\/v2\/posts"}],"about":[{"href":"https:\/\/www.europesays.com\/pt\/wp-json\/wp\/v2\/types\/post"}],"author":[{"embeddable":true,"href":"https:\/\/www.europesays.com\/pt\/wp-json\/wp\/v2\/users\/2"}],"replies":[{"embeddable":true,"href":"https:\/\/www.europesays.com\/pt\/wp-json\/wp\/v2\/comments?post=207023"}],"version-history":[{"count":0,"href":"https:\/\/www.europesays.com\/pt\/wp-json\/wp\/v2\/posts\/207023\/revisions"}],"wp:featuredmedia":[{"embeddable":true,"href":"https:\/\/www.europesays.com\/pt\/wp-json\/wp\/v2\/media\/207024"}],"wp:attachment":[{"href":"https:\/\/www.europesays.com\/pt\/wp-json\/wp\/v2\/media?parent=207023"}],"wp:term":[{"taxonomy":"category","embeddable":true,"href":"https:\/\/www.europesays.com\/pt\/wp-json\/wp\/v2\/categories?post=207023"},{"taxonomy":"post_tag","embeddable":true,"href":"https:\/\/www.europesays.com\/pt\/wp-json\/wp\/v2\/tags?post=207023"}],"curies":[{"name":"wp","href":"https:\/\/api.w.org\/{rel}","templated":true}]}}