{"id":207027,"date":"2025-12-29T21:39:08","date_gmt":"2025-12-29T21:39:08","guid":{"rendered":"https:\/\/www.europesays.com\/pt\/207027\/"},"modified":"2025-12-29T21:39:08","modified_gmt":"2025-12-29T21:39:08","slug":"polemica-pos-gala-lidia-explode-com-dylan-e-mae-do-ex-concorrente-e-posta-ao-barulho-secret-story","status":"publish","type":"post","link":"https:\/\/www.europesays.com\/pt\/207027\/","title":{"rendered":"Pol\u00e9mica p\u00f3s-gala! L\u00eddia explode com Dylan e m\u00e3e do ex-concorrente \u00e9 posta ao barulho &#8211; Secret Story"},"content":{"rendered":"<p data-end=\"758\" data-start=\"560\"><a href=\"https:\/\/tvi.iol.pt\/secretstory\/dylan\/lidia\/confusao-em-estudio-dylan-arrasa-lidia-em-pleno-direto-devia-estar-calada-e-agradecida\" rel=\"nofollow noopener\" target=\"_blank\">Dylan e L\u00eddia tiveram um confronto aceso<\/a> na gala do\u00a0<a href=\"https:\/\/tvi.iol.pt\/secretstory\/\" target=\"_blank\" wbo-id=\"59\" rel=\"nofollow noopener\"><strong>Secret Story<\/strong><\/a>\u00a0deste domingo, 28 de dezembro. Depois desse momento, a ex-concorrente recorreu \u00e0s redes sociais para contar a sua vers\u00e3o dos factos, depois de o colega ter dado a entender que esta beneficiou de ajuda monet\u00e1ria da sua m\u00e3e.\u00a0<\/p>\n<p>\u00ab<strong>Acima de tudo e mais que tudo, fui eu que protegi a m\u00e3e do Dylan e o Dylan em qualquer circunst\u00e2ncia,<\/strong> mais que toda a gente, e exatamente por isso que eu sa\u00ed prejudicada, tanto no jogo, tanto fora de jogo, por pessoas que n\u00e3o sabem ser gratas por eu ter calado a minha boca\u00bb, come\u00e7ou por afirmar L\u00eddia, num v\u00eddeo partilhado nos stories do Instagram.<\/p>\n<p>E prosseguiu, acusando Dylan de ser \u00abmentiroso\u00bb: \u00ab<strong>A\u00a0maior parte das coisas que saem da boca daquele Dylan s\u00e3o mentiras para demonstrar humildade. <\/strong>Podemos come\u00e7ar por a\u00ed? Podemos come\u00e7ar tamb\u00e9m pelo facto de que a m\u00e3e do Dylan n\u00e3o teve nenhuma ajuda para comigo\u00bb, garantiu.<\/p>\n<p>\u00abA m\u00e3e do Dylan n\u00e3o teve nenhuma ajuda para comigo. O que a m\u00e3e do Dylan teve foi sim uma presta\u00e7\u00e3o de servi\u00e7os. E eu vou explicar o que \u00e9 que isso \u00e9. <strong>Porque o senhor Dylan, ontem, o que quis dar a entender \u00e9 que realmente houve uma quantia que me foi dada num momento de afli\u00e7\u00e3o<\/strong>, que \u00e9 o que toda a gente quis dar a entender. N\u00e3o, meus amores, n\u00e3o houve, zero, bola\u00bb, justificou a cartomante.<\/p>\n<p>\u00ab<strong>O que ele quis dar a entender \u00e9 que eram todos bons samaritanos que ajudaram a L\u00eddia num momento dif\u00edcil da vida dela. <\/strong>Ah, ser\u00e1 que isso \u00e9 verdade? N\u00e3o, isso \u00e9 totalmente mentira (&#8230;).<strong> O dinheiro n\u00e3o compra no\u00e7\u00e3o, humildade n\u00e3o compra no\u00e7\u00e3o, n\u00e3o compra humildade e n\u00e3o compra realmente intelig\u00eancia<\/strong>\u00bb, acrescentou ainda L\u00eddia, revelando que apenas prestou servi\u00e7os profissionais \u00e0 m\u00e3e do namorado de In\u00eas, numa altura em que ela precisou.\u00a0<\/p>\n<p><strong>Pode ver aqui o v\u00eddeo do momento:<\/strong><\/p>\n<p>A concorrente vai mais longe: \u00ab<strong>Se h\u00e1 c\u00e3o que come no prato onde comeu \u00e9 ele.<\/strong> A pr\u00f3pria m\u00e3e do Dylan j\u00e1 disse em entrevistas que, muitas das vezes, houve uma ingratid\u00e3o por parte dele. Portanto, quem \u00e9 ele?<strong> Onde \u00e9 que ele estava nos momentos em que eu estava ao lado da m\u00e3e dele? <\/strong>N\u00e3o podemos falar \u00e0 toa. H\u00e1 o outro lado.\u00bb<\/p>\n<p><strong>Veja aqui o resto do v\u00eddeo:<\/strong><\/p>\n","protected":false},"excerpt":{"rendered":"Dylan e L\u00eddia tiveram um confronto aceso na gala do\u00a0Secret Story\u00a0deste domingo, 28 de dezembro. Depois desse momento,&hellip;\n","protected":false},"author":2,"featured_media":207028,"comment_status":"","ping_status":"","sticky":false,"template":"","format":"standard","meta":{"footnotes":""},"categories":[142],"tags":[19105,114,115,19044,18800,32,33,151,162,18801],"class_list":{"0":"post-207027","1":"post","2":"type-post","3":"status-publish","4":"format-standard","5":"has-post-thumbnail","7":"category-tv","8":"tag-dylan","9":"tag-entertainment","10":"tag-entretenimento","11":"tag-lidia","12":"tag-momentos-virais-secret-story","13":"tag-portugal","14":"tag-pt","15":"tag-tv","16":"tag-tvi","17":"tag-videos-virais-concorrentes"},"share_on_mastodon":{"url":"https:\/\/pubeurope.com\/@pt\/115805026028526884","error":""},"_links":{"self":[{"href":"https:\/\/www.europesays.com\/pt\/wp-json\/wp\/v2\/posts\/207027","targetHints":{"allow":["GET"]}}],"collection":[{"href":"https:\/\/www.europesays.com\/pt\/wp-json\/wp\/v2\/posts"}],"about":[{"href":"https:\/\/www.europesays.com\/pt\/wp-json\/wp\/v2\/types\/post"}],"author":[{"embeddable":true,"href":"https:\/\/www.europesays.com\/pt\/wp-json\/wp\/v2\/users\/2"}],"replies":[{"embeddable":true,"href":"https:\/\/www.europesays.com\/pt\/wp-json\/wp\/v2\/comments?post=207027"}],"version-history":[{"count":0,"href":"https:\/\/www.europesays.com\/pt\/wp-json\/wp\/v2\/posts\/207027\/revisions"}],"wp:featuredmedia":[{"embeddable":true,"href":"https:\/\/www.europesays.com\/pt\/wp-json\/wp\/v2\/media\/207028"}],"wp:attachment":[{"href":"https:\/\/www.europesays.com\/pt\/wp-json\/wp\/v2\/media?parent=207027"}],"wp:term":[{"taxonomy":"category","embeddable":true,"href":"https:\/\/www.europesays.com\/pt\/wp-json\/wp\/v2\/categories?post=207027"},{"taxonomy":"post_tag","embeddable":true,"href":"https:\/\/www.europesays.com\/pt\/wp-json\/wp\/v2\/tags?post=207027"}],"curies":[{"name":"wp","href":"https:\/\/api.w.org\/{rel}","templated":true}]}}