{"id":207031,"date":"2025-12-29T21:43:13","date_gmt":"2025-12-29T21:43:13","guid":{"rendered":"https:\/\/www.europesays.com\/pt\/207031\/"},"modified":"2025-12-29T21:43:13","modified_gmt":"2025-12-29T21:43:13","slug":"pugilista-anthony-joshua-envolvido-em-acidente-na-nigeria-que-causou-dois-mortos","status":"publish","type":"post","link":"https:\/\/www.europesays.com\/pt\/207031\/","title":{"rendered":"Pugilista Anthony Joshua envolvido em acidente na Nig\u00e9ria que causou dois mortos"},"content":{"rendered":"<p data-remotead-prev-elm=\"true\" data-remotead-elm-id=\"inread\">Da Nig\u00e9ria chega o relato de um incidente fatal que est\u00e1 a chocar o mundo do boxe e do desporto em geral. Anthony Joshua, de 36 anos, esteve esta segunda-feira envolvido num acidente de via\u00e7\u00e3o em Ogun, que acabou por vitimar duas pessoas, noticiou a ag\u00eancia Reuters, citando a pol\u00edcia local.<\/p>\n<p>A mesma fonte d\u00e1 conta, ainda, que o pugilista brit\u00e2nico de 36 anos sofreu ferimentos ligeiros quando o ve\u00edculo no qual seguia colidiu com outro, tendo sido levado para um hospital. As causas do acidente ainda est\u00e3o por apurar.<\/p>\n<p>At\u00e9 ao momento n\u00e3o h\u00e1 relatos se este seguia no volante ou n\u00e3o, mas as imagens divulgadas nas redes sociais, na qual surge uma viatura severamente danificada, sugerem que n\u00e3o.<\/p>\n<p data-remotead-prev-elm=\"true\" data-remotead-elm-id=\"centro1\">Anthony Joshua \u00e9 um dos pugilistas mais badalados do s\u00e9culo, tendo sido campe\u00e3o Ol\u00edmpico em 2012, em Londres, adicionando ainda ao curr\u00edulo t\u00edtulos de campe\u00e3o de pesos pesados da IBF, WBA e WBO.<\/p>\n<p>Apresenta um registo de 33 lutas profissionais, das quais venceu 29 (26 por KO) e perdeu as outras quatro. A mais recente de todas foi contra o influencer Jake Paul, no dia 20 de dezembro, que venceu por KO no sexto round<\/p>\n","protected":false},"excerpt":{"rendered":"Da Nig\u00e9ria chega o relato de um incidente fatal que est\u00e1 a chocar o mundo do boxe e&hellip;\n","protected":false},"author":2,"featured_media":207032,"comment_status":"","ping_status":"","sticky":false,"template":"","format":"standard","meta":{"footnotes":""},"categories":[87],"tags":[39247,135,6021,32,33,134],"class_list":{"0":"post-207031","1":"post","2":"type-post","3":"status-publish","4":"format-standard","5":"has-post-thumbnail","7":"category-desporto","8":"tag-anthony-joshua","9":"tag-desporto","10":"tag-nigeria","11":"tag-portugal","12":"tag-pt","13":"tag-sports"},"share_on_mastodon":{"url":"https:\/\/pubeurope.com\/@pt\/115805041669986816","error":""},"_links":{"self":[{"href":"https:\/\/www.europesays.com\/pt\/wp-json\/wp\/v2\/posts\/207031","targetHints":{"allow":["GET"]}}],"collection":[{"href":"https:\/\/www.europesays.com\/pt\/wp-json\/wp\/v2\/posts"}],"about":[{"href":"https:\/\/www.europesays.com\/pt\/wp-json\/wp\/v2\/types\/post"}],"author":[{"embeddable":true,"href":"https:\/\/www.europesays.com\/pt\/wp-json\/wp\/v2\/users\/2"}],"replies":[{"embeddable":true,"href":"https:\/\/www.europesays.com\/pt\/wp-json\/wp\/v2\/comments?post=207031"}],"version-history":[{"count":0,"href":"https:\/\/www.europesays.com\/pt\/wp-json\/wp\/v2\/posts\/207031\/revisions"}],"wp:featuredmedia":[{"embeddable":true,"href":"https:\/\/www.europesays.com\/pt\/wp-json\/wp\/v2\/media\/207032"}],"wp:attachment":[{"href":"https:\/\/www.europesays.com\/pt\/wp-json\/wp\/v2\/media?parent=207031"}],"wp:term":[{"taxonomy":"category","embeddable":true,"href":"https:\/\/www.europesays.com\/pt\/wp-json\/wp\/v2\/categories?post=207031"},{"taxonomy":"post_tag","embeddable":true,"href":"https:\/\/www.europesays.com\/pt\/wp-json\/wp\/v2\/tags?post=207031"}],"curies":[{"name":"wp","href":"https:\/\/api.w.org\/{rel}","templated":true}]}}