{"id":207037,"date":"2025-12-29T21:48:11","date_gmt":"2025-12-29T21:48:11","guid":{"rendered":"https:\/\/www.europesays.com\/pt\/207037\/"},"modified":"2025-12-29T21:48:11","modified_gmt":"2025-12-29T21:48:11","slug":"maioria-em-seis-paises-europeus-acredita-que-pensoes-do-estado-se-tornarao-insustentaveis","status":"publish","type":"post","link":"https:\/\/www.europesays.com\/pt\/207037\/","title":{"rendered":"Maioria em seis pa\u00edses europeus acredita que pens\u00f5es do Estado se tornar\u00e3o insustent\u00e1veis"},"content":{"rendered":"<p>                A maioria dos europeus inquiridos num estudo da YouGov acredita que o <b>sistema de pens\u00f5es estatais dos seus pa\u00edses se tornar\u00e1 em breve insustent\u00e1vel<\/b> \u2013 mas tamb\u00e9m considera o sistema actual insuficiente e n\u00e3o apoia op\u00e7\u00f5es para o reformular como o aumento da idade da reforma. Os dados foram conhecidos esta segunda-feira.<\/p>\n<p><b>&#13;<br \/>\nCom o envelhecimento da popula\u00e7\u00e3o e a queda das taxas de natalidade, os sistemas de pens\u00f5es estatais europeus, do tipo &#8220;reparti\u00e7\u00e3o simples&#8221;, pilares do Estado de bem-estar social que sempre dependeram das contribui\u00e7\u00f5es dos trabalhadores para o pagamento das pens\u00f5es dos reformados, est\u00e3o sob crescente press\u00e3o.<\/b><\/p>\n<p>Com as tentativas de os reformar a encontrarem fortes resist\u00eancias, por vezes violentas, em pa\u00edses como Fran\u00e7a, Alemanha, Espanha e It\u00e1lia, um <a href=\"https:\/\/yougov.co.uk\/politics\/articles\/53791-europeans-and-americans-say-state-pension-systems-are-unaffordable-but-dont-support-reform-options\" target=\"_blank\" rel=\"nofollow noopener\">inqu\u00e9rito da YouGov<\/a>\u00a0realizado em seis pa\u00edses europeus e nos Estados Unidos revela a dimens\u00e3o do problema de opini\u00e3o p\u00fablica enfrentado pelos governos.A YouGov \u00e9 uma empresa internacional de pesquisa de &#13;<br \/>\nmercado na internet, fundada e sediada no Reino Unido, com opera\u00e7\u00f5es em &#13;<br \/>\nv\u00e1rios pa\u00edses do mundo. <\/p>\n<p><b>Muitos dos inquiridos reconhecem que os sistemas de pens\u00f5es estatais est\u00e3o em crise<\/b>: a maioria, entre 61 por cento e 52 por cento, em It\u00e1lia, Fran\u00e7a, Alemanha e Espanha, afirmou que j\u00e1 era insustent\u00e1vel, tal como 45 por cento dos inquiridos na Pol\u00f3nia. No Reino Unido, o \u00edndice foi de 32 por cento. O inqu\u00e9rito n\u00e3o foi realizado em Portugal.<\/p>\n<p><b>Olhando para o futuro, as pessoas revelaram-se ainda mais pessimistas<\/b>: a maioria ou quase a maioria (49 por cento a 66 por cento) nos seis pa\u00edses europeus acreditam que, quando as pessoas actualmente na casa dos 30 e 40 anos se reformarem, o sistema dos seus pa\u00edses ser\u00e1 insustent\u00e1vel.<\/p>\n<p><b>No entanto, os pensionistas mostraram-se mais optimistas quanto \u00e0 capacidade dos seus pa\u00edses para financiar o sistema de pens\u00f5es estatal.<\/b> Segundo o jornal brit\u00e2nico <a href=\"https:\/\/www.theguardian.com\/society\/2025\/dec\/29\/most-europeans-think-state-pensions-will-become-unaffordable-polling-shows\" target=\"_blank\" rel=\"nofollow noopener\">The Guardian<\/a>, os pensionistas no Reino Unido mostraram-se particularmente optimistas, com 62 por cento a afirmarem acreditar que a pens\u00e3o estatal brit\u00e2nica \u00e9 sustent\u00e1vel, contra apenas 27 por cento dos que n\u00e3o se reformaram.<br \/>&#13;<br \/>\nContudo, embora reconhecessem o custo insustent\u00e1vel, a maioria, entre 53&#13;<br \/>\npor cento e 83 por cento nos seis pa\u00edses europeus, considerou o valor &#13;<br \/>\nrecebido pelos reformados muito baixo, sendo esse sentimento ainda mais &#13;<br \/>\nforte (72 por cento a 88 por cento) entre aqueles que efectivamente &#13;<br \/>\nrecebem a pens\u00e3o: os pensionistas.<\/p>\n<p><b>A maioria dos pensionistas europeus depende da pens\u00e3o estatal para o seu rendimento na reforma e, nos seis pa\u00edses inquiridos, a maioria dos que ainda trabalham \u2013 variando entre 57 por cento na Alemanha e no Reino Unido e 72 por cento em It\u00e1lia \u2013 n\u00e3o tinha confian\u00e7a de que teria uma reforma confort\u00e1vel.<\/b><\/p>\n<p>Al\u00e9m disso, quando questionados sobre que medidas apoiariam para tornar os regimes de pens\u00f5es estatais mais acess\u00edveis, verificou-se uma not\u00e1vel relut\u00e2ncia, nos seis pa\u00edses inquiridos, em aceitar algumas das reformas que muitos governos procuram implementar.<\/p>\n<p><b>O inqu\u00e9rito revelou uma oposi\u00e7\u00e3o l\u00edquida, nos seis pa\u00edses inquiridos, \u00e0s ideias de aumentar a idade da reforma; aumentar os impostos sobre as pessoas em idade ativa; obrigar os filhos em idade ativa a sustentar os pais reformados; e reduzir o valor da pens\u00e3o estatal.<\/b><\/p>\n<p>A<b> resist\u00eancia ao aumento da idade da reforma foi forte<\/b>, com maiorias ou quase maiorias, variando entre 47 por cento em Fran\u00e7a e 65 por cento na Alemanha, declarando-se contr\u00e1rias a fazer com que as pessoas esperem mais tempo para receber a reforma estatal do que a idade actual.Propor\u00e7\u00f5es que variam entre os 20 por cento no Reino&#13;<br \/>\nUnido e os 38 por cento na Pol\u00f3nia consideram que a idade da reforma &#13;<br \/>\nestatal deveria ser os 60 anos, enquanto 22 por cento (It\u00e1lia) a 45 por &#13;<br \/>\ncento (Reino Unido) defendem os 65 anos. Uma pluralidade (22 por cento) &#13;<br \/>\nem Fran\u00e7a defendeu os 62 anos \u2013 a idade actual, ap\u00f3s a suspens\u00e3o de um &#13;<br \/>\naumento planeado para os 64 anos.<\/p>\n<p><b>A oposi\u00e7\u00e3o \u00e0 redu\u00e7\u00e3o do valor recebido pelos pensionistas foi ainda mais expressiva<\/b>, variando entre os 81 por cento na Alemanha e os 61 por cento em It\u00e1lia. Mas houve algum apoio \u00e0 obrigatoriedade legal de as pessoas em idade ativa contribu\u00edrem para algum tipo de previd\u00eancia privada ou oferecida pelo empregador.<\/p>\n<p>Esta sugest\u00e3o foi mais popular no Reino Unido (57 por cento), onde as leis recentes introduziram um sistema autom\u00e1tico de contribui\u00e7\u00f5es para os planos de pens\u00f5es oferecidos pelo empregador, mas tamb\u00e9m encontrou um apoio significativo na Alemanha (49 por cento) e em Fran\u00e7a (41 por cento).<br \/>&#13;<br \/>\n<b><br \/>&#13;<br \/>\nA ideia de que o Estado deveria oferecer apoio aos trabalhadores mais velhos para que estes permanecessem nos seus empregos durante mais tempo, em vez de se reformarem, tamb\u00e9m se revelou bastante popula<\/b>r, com apoios que variam entre os 57 por cento na Pol\u00f3nia, passando pelos 42 por cento na Alemanha e em Fran\u00e7a, at\u00e9 um m\u00ednimo de 27 por cento em It\u00e1lia.<\/p>\n<p>Os italianos tamb\u00e9m se destacaram em rela\u00e7\u00e3o a medidas que aumentam a carga fiscal sobre os mais ricos: 66 por cento apoiaram impostos mais elevados para os reformados mais ricos, de forma a financiar melhores pens\u00f5es para os mais pobres, e 52 por cento mostraram-se favor\u00e1veis \u200b\u200b\u00e0 nega\u00e7\u00e3o da reforma estatal aos reformados com rendimentos elevados.Nos seis pa\u00edses, uma maior fatia da popula\u00e7\u00e3o (de 28&#13;<br \/>\npor cento a 55 por cento) considerou que os pensionistas com &#13;<br \/>\nrendimentos de pens\u00f5es acima da m\u00e9dia deveriam assumir uma maior &#13;<br \/>\nresponsabilidade pelo financiamento de pens\u00f5es estatais mais generosas &#13;<br \/>\npara os pensionistas de baixos rendimentos, em vez das gera\u00e7\u00f5es mais &#13;<br \/>\njovens (de 15 por cento a 31 por cento).<\/p>\n<p><b>Em geral, os reformados e as pessoas em idade activa responderam de acordo com os seus interesses<\/b>: os reformados tenderam a opor-se \u00e0 redu\u00e7\u00e3o dos pagamentos das pens\u00f5es, enquanto as pessoas em idade activa, na sua maioria, rejeitaram o aumento da idade de reforma ou dos impostos para a sua faixa et\u00e1ria.&#13;\n            <\/p>\n","protected":false},"excerpt":{"rendered":"A maioria dos europeus inquiridos num estudo da YouGov acredita que o sistema de pens\u00f5es estatais dos seus&hellip;\n","protected":false},"author":2,"featured_media":207038,"comment_status":"","ping_status":"","sticky":false,"template":"","format":"standard","meta":{"footnotes":""},"categories":[50],"tags":[27,28,986,15,16,14,25,26,21,22,62,12,13,19,20,27529,23,24,11524,17,18,29,30,31,63,64,65],"class_list":{"0":"post-207037","1":"post","2":"type-post","3":"status-publish","4":"format-standard","5":"has-post-thumbnail","7":"category-mundo","8":"tag-breaking-news","9":"tag-breakingnews","10":"tag-estado","11":"tag-featured-news","12":"tag-featurednews","13":"tag-headlines","14":"tag-latest-news","15":"tag-latestnews","16":"tag-main-news","17":"tag-mainnews","18":"tag-mundo","19":"tag-news","20":"tag-noticias","21":"tag-noticias-principais","22":"tag-noticiasprincipais","23":"tag-pensao","24":"tag-principais-noticias","25":"tag-principaisnoticias","26":"tag-reforma","27":"tag-top-stories","28":"tag-topstories","29":"tag-ultimas","30":"tag-ultimas-noticias","31":"tag-ultimasnoticias","32":"tag-world","33":"tag-world-news","34":"tag-worldnews"},"share_on_mastodon":{"url":"https:\/\/pubeurope.com\/@pt\/115805061466851422","error":""},"_links":{"self":[{"href":"https:\/\/www.europesays.com\/pt\/wp-json\/wp\/v2\/posts\/207037","targetHints":{"allow":["GET"]}}],"collection":[{"href":"https:\/\/www.europesays.com\/pt\/wp-json\/wp\/v2\/posts"}],"about":[{"href":"https:\/\/www.europesays.com\/pt\/wp-json\/wp\/v2\/types\/post"}],"author":[{"embeddable":true,"href":"https:\/\/www.europesays.com\/pt\/wp-json\/wp\/v2\/users\/2"}],"replies":[{"embeddable":true,"href":"https:\/\/www.europesays.com\/pt\/wp-json\/wp\/v2\/comments?post=207037"}],"version-history":[{"count":0,"href":"https:\/\/www.europesays.com\/pt\/wp-json\/wp\/v2\/posts\/207037\/revisions"}],"wp:featuredmedia":[{"embeddable":true,"href":"https:\/\/www.europesays.com\/pt\/wp-json\/wp\/v2\/media\/207038"}],"wp:attachment":[{"href":"https:\/\/www.europesays.com\/pt\/wp-json\/wp\/v2\/media?parent=207037"}],"wp:term":[{"taxonomy":"category","embeddable":true,"href":"https:\/\/www.europesays.com\/pt\/wp-json\/wp\/v2\/categories?post=207037"},{"taxonomy":"post_tag","embeddable":true,"href":"https:\/\/www.europesays.com\/pt\/wp-json\/wp\/v2\/tags?post=207037"}],"curies":[{"name":"wp","href":"https:\/\/api.w.org\/{rel}","templated":true}]}}