{"id":207039,"date":"2025-12-29T21:49:16","date_gmt":"2025-12-29T21:49:16","guid":{"rendered":"https:\/\/www.europesays.com\/pt\/207039\/"},"modified":"2025-12-29T21:49:16","modified_gmt":"2025-12-29T21:49:16","slug":"ir-ao-dentista-sem-dor-esta-clinica-esta-a-provar-que-nao-e-mito-c-studio","status":"publish","type":"post","link":"https:\/\/www.europesays.com\/pt\/207039\/","title":{"rendered":"Ir ao dentista sem dor? Esta cl\u00ednica est\u00e1 a provar que n\u00e3o \u00e9 mito &#8211; C-Studio"},"content":{"rendered":"<p class=\"\">&#13;<br \/>\n        Ir ao dentista continua, para muitos portugueses, a ser sin\u00f3nimo de desconforto, ansiedade e adiamentos sucessivos. Mas essa realidade pode estar prestes a mudar. Almada acaba de ganhar um espa\u00e7o que promete revolucionar a<br \/>\nexperi\u00eancia de cuidados dent\u00e1rios. A <b><a href=\"https:\/\/luissequeirafernandes.pt\/\" target=\"_blank\" rel=\"tag nofollow noopener\">Your Dental<\/a><\/b>, recentemente<br \/>\ninaugurada, apresenta-se como uma cl\u00ednica onde a tecnologia de vanguarda se<br \/>\nalia a uma filosofia clara e diferenciadora: <b>a preven\u00e7\u00e3o como principal<br \/>\naposta para uma sa\u00fade oral sustent\u00e1vel, previs\u00edvel e duradoura<\/b>.<\/p>\n<p>Num setor tradicionalmente associado a abordagens reativas,<br \/>\na Your Dental prop\u00f5e uma mudan\u00e7a de paradigma, colocando o acompanhamento<br \/>\nregular e personalizado no centro de toda a pr\u00e1tica cl\u00ednica.&#13;\n    <\/p>\n<p class=\"\">&#13;<br \/>\n        <b>Tecnologia ao servi\u00e7o do sorriso<br \/><\/b><br \/>Num mercado onde a inova\u00e7\u00e3o faz a diferen\u00e7a, a Your Dental<br \/>\ndestaca-se pelos seus <b>equipamentos GBT Air Flow<\/b>, uma tecnologia su\u00ed\u00e7a de<br \/>\n\u00faltima gera\u00e7\u00e3o que est\u00e1 a redefinir os padr\u00f5es das consultas de higiene oral.<\/p>\n<p>O sistema <b>GBT (Guided Biofilm Therapy)<\/b> baseia-se num<br \/>\nprotocolo cientificamente validado que combina jato de ar, \u00e1gua e p\u00f3 bioativo<br \/>\nde eritritol para remover eficazmente o biofilme bacteriano, o t\u00e1rtaro recente<br \/>\ne as manchas superficiais. Ao contr\u00e1rio dos m\u00e9todos tradicionais de raspagem<br \/>\nmec\u00e2nica, esta t\u00e9cnica \u00e9 <b>significativamente menos invasiva, mais confort\u00e1vel<br \/>\ne igualmente eficaz<\/b>.&#13;\n    <\/p>\n<p>                    &#13;<br \/>\n                        &#13;<\/p>\n<p>            &#13;<br \/>\n                <img decoding=\"async\" src=\"https:\/\/www.europesays.com\/pt\/wp-content\/uploads\/2025\/12\/img_828x523uu2025-12-22-17-26-33-398818.jpg\" class=\"img-responsive\" alt=\"\"\/>&#13;<\/p>\n<p>&#13;<br \/>\n                A Your Dental aposta na tecnologia Airflow para uma higiene oral mais confort\u00e1vel&#13;\n            <\/p>\n<p class=\"\">&#13;<br \/>\n        <b>Menos desconforto, mais resultados<br \/><\/b><br \/>As vantagens s\u00e3o evidentes: <b>redu\u00e7\u00e3o dr\u00e1stica da<br \/>\nsensibilidade dent\u00e1ria durante e ap\u00f3s o tratamento<\/b>, menor risco de trauma<br \/>\nnos tecidos gengivais, tempo de consulta otimizado e resultados vis\u00edveis de<br \/>\nforma imediata.<\/p>\n<p>A tecnologia \u00e9 especialmente indicada para pacientes com <b>sensibilidade dent\u00e1ria, implantes, aparelhos ortod\u00f4nticos fixos ou doen\u00e7a periodontal<\/b>, situa\u00e7\u00f5es em que os m\u00e9todos convencionais podem ser desconfort\u00e1veis ou menos adequados.<\/p>\n<p>A experi\u00eancia \u00e9 surpreendente: onde antes havia ansiedade ou<br \/>\ndesconforto, o sistema GBT Air Flow permite uma limpeza profunda, delicada e<br \/>\nat\u00e9 agrad\u00e1vel, tanto em consultas de manuten\u00e7\u00e3o como em casos cl\u00ednicos mais<br \/>\ncomplexos.&#13;\n    <\/p>\n<p>            &#13;<br \/>\n                <img decoding=\"async\" src=\"https:\/\/www.europesays.com\/pt\/wp-content\/uploads\/2025\/12\/img_828x523uu2025-12-22-17-53-36-398819.jpg\" class=\"img-responsive\" alt=\"\"\/>&#13;<\/p>\n<p>&#13;<br \/>\n                Cl\u00ednica aposta em tecnologia su\u00ed\u00e7a para uma experi\u00eancia mais confort\u00e1vel na sa\u00fade oral&#13;\n            <\/p>\n<p>                    &#13;<br \/>\n                        &#13;<\/p>\n<p class=\"\">&#13;<br \/>\n        <b>Preven\u00e7\u00e3o em primeiro lugar<br \/><\/b><br \/>Na Your Dental, a preven\u00e7\u00e3o n\u00e3o \u00e9 apenas um conceito, \u00e9 a<br \/>\nbase de toda a abordagem cl\u00ednica. Atrav\u00e9s de consultas regulares de higiene<br \/>\noral e de um acompanhamento cont\u00ednuo, a equipa trabalha para antecipar<br \/>\nproblemas antes que se tornem complexos ou dispendiosos.<\/p>\n<p>Esta vis\u00e3o traduz-se em <b>planos de manuten\u00e7\u00e3o<br \/>\npersonalizados<\/b>, adaptados ao perfil, h\u00e1bitos e necessidades de cada<br \/>\npaciente, promovendo uma sa\u00fade oral est\u00e1vel ao longo do tempo.<br \/><b><br \/>Uma equipa que acompanha pessoas, n\u00e3o apenas dentes<br \/><\/b><br \/>A equipa de higienistas orais da Your Dental foi<br \/>\ncuidadosamente selecionada. Com forma\u00e7\u00e3o espec\u00edfica nos equipamentos GBT e<br \/>\nexperi\u00eancia em casos cl\u00ednicos diferenciados, estes profissionais dominam<br \/>\nprotocolos rigorosos que garantem resultados consistentes.&#13;\n    <\/p>\n<p>            &#13;<br \/>\n                <img decoding=\"async\" src=\"https:\/\/www.europesays.com\/pt\/wp-content\/uploads\/2025\/12\/img_828x523uu2025-12-22-17-56-08-398820.jpg\" class=\"img-responsive\" alt=\"\"\/>&#13;<\/p>\n<p>&#13;<br \/>\n                Equipa Your Dental na Margem Sul revoluciona sa\u00fade oral com tecnologia su\u00ed\u00e7a&#13;\n            <\/p>\n<p class=\"\">&#13;<br \/>\n        &#8220;N\u00e3o tratamos apenas dentes, acompanhamos pessoas\u201d, refere Lu\u00eds Sequeira Fernandes. \u201cCada paciente tem a sua hist\u00f3ria cl\u00ednica, os seus h\u00e1bitos e as suas preocupa\u00e7\u00f5es. O nosso papel \u00e9 criar um percurso personalizado que promova uma sa\u00fade oral sustent\u00e1vel.\u201d\u00a0\u00a0<br \/><b><br \/>Um espa\u00e7o pensado para o seu conforto<br \/><\/b><b\/><br \/>Al\u00e9m da tecnologia e da compet\u00eancia cl\u00ednica, a Your Dental<br \/>\ndistingue-se pelo <b>ambiente moderno, acolhedor e tranquilo<\/b>. Cada detalhe<br \/>\nfoi pensado para transformar a ida ao dentista num verdadeiro momento de<br \/>\nautocuidado.<\/p>\n<p>Localizada em Almada e a dois passos de Lisboa, a cl\u00ednica surge como resposta \u00e0<br \/>\ncrescente procura por cuidados de sa\u00fade oral de excel\u00eancia na Margem Sul,<br \/>\noferecendo \u00e0 comunidade local um n\u00edvel de servi\u00e7o que, at\u00e9 agora, muitas vezes<br \/>\nexigia desloca\u00e7\u00f5es \u00e0 capital.&#13;\n    <\/p>\n<p>                    &#13;<br \/>\n                        &#13;<\/p>\n<p>            &#13;<br \/>\n                <img decoding=\"async\" src=\"https:\/\/www.europesays.com\/pt\/wp-content\/uploads\/2025\/12\/img_828x523uu2025-12-22-17-58-55-398821.jpg\" class=\"img-responsive\" alt=\"\"\/>&#13;<\/p>\n<p>&#13;<br \/>\n                Cl\u00ednica Your Dental promete transformar a sa\u00fade oral numa experi\u00eancia agrad\u00e1vel&#13;\n            <\/p>\n<p class=\"\">&#13;<br \/>\n        <b>Mais do que uma cl\u00ednica, um novo conceito<br \/><\/b><br \/>A inaugura\u00e7\u00e3o da <a href=\"https:\/\/luissequeirafernandes.pt\/\" target=\"_blank\" rel=\"tag nofollow noopener\">Your Dental<\/a> representa mais do que a<br \/>\nabertura de um novo espa\u00e7o. Marca a chegada de um conceito integrado,<br \/>\nonde inova\u00e7\u00e3o tecnol\u00f3gica, preven\u00e7\u00e3o e humaniza\u00e7\u00e3o dos cuidados se unem<br \/>\npara criar uma experi\u00eancia verdadeiramente diferenciadora.&#13;\n    <\/p>\n<p>                    &#13;<br \/>\n                        &#13;<\/p>\n<p class=\"\">&#13;<br \/>\n        \u00a0&#13;\n    <\/p>\n","protected":false},"excerpt":{"rendered":"&#13; Ir ao dentista continua, para muitos portugueses, a ser sin\u00f3nimo de desconforto, ansiedade e adiamentos sucessivos. Mas&hellip;\n","protected":false},"author":2,"featured_media":207040,"comment_status":"","ping_status":"","sticky":false,"template":"","format":"standard","meta":{"footnotes":""},"categories":[10],"tags":[7087,40779,27,28,15,16,14,25,26,797,21,22,40776,12,13,19,20,40778,32,23,24,40740,33,117,17,18,40777,29,30,31],"class_list":{"0":"post-207039","1":"post","2":"type-post","3":"status-publish","4":"format-standard","5":"has-post-thumbnail","7":"category-portugal","8":"tag-almada","9":"tag-biofilm","10":"tag-breaking-news","11":"tag-breakingnews","12":"tag-featured-news","13":"tag-featurednews","14":"tag-headlines","15":"tag-latest-news","16":"tag-latestnews","17":"tag-lisboa","18":"tag-main-news","19":"tag-mainnews","20":"tag-medicina-dentaria","21":"tag-news","22":"tag-noticias","23":"tag-noticias-principais","24":"tag-noticiasprincipais","25":"tag-peninsula-de-setubal","26":"tag-portugal","27":"tag-principais-noticias","28":"tag-principaisnoticias","29":"tag-profissionais-de-saude","30":"tag-pt","31":"tag-saude","32":"tag-top-stories","33":"tag-topstories","34":"tag-tratamento-de-saude","35":"tag-ultimas","36":"tag-ultimas-noticias","37":"tag-ultimasnoticias"},"share_on_mastodon":{"url":"https:\/\/pubeurope.com\/@pt\/115805065353417203","error":""},"_links":{"self":[{"href":"https:\/\/www.europesays.com\/pt\/wp-json\/wp\/v2\/posts\/207039","targetHints":{"allow":["GET"]}}],"collection":[{"href":"https:\/\/www.europesays.com\/pt\/wp-json\/wp\/v2\/posts"}],"about":[{"href":"https:\/\/www.europesays.com\/pt\/wp-json\/wp\/v2\/types\/post"}],"author":[{"embeddable":true,"href":"https:\/\/www.europesays.com\/pt\/wp-json\/wp\/v2\/users\/2"}],"replies":[{"embeddable":true,"href":"https:\/\/www.europesays.com\/pt\/wp-json\/wp\/v2\/comments?post=207039"}],"version-history":[{"count":0,"href":"https:\/\/www.europesays.com\/pt\/wp-json\/wp\/v2\/posts\/207039\/revisions"}],"wp:featuredmedia":[{"embeddable":true,"href":"https:\/\/www.europesays.com\/pt\/wp-json\/wp\/v2\/media\/207040"}],"wp:attachment":[{"href":"https:\/\/www.europesays.com\/pt\/wp-json\/wp\/v2\/media?parent=207039"}],"wp:term":[{"taxonomy":"category","embeddable":true,"href":"https:\/\/www.europesays.com\/pt\/wp-json\/wp\/v2\/categories?post=207039"},{"taxonomy":"post_tag","embeddable":true,"href":"https:\/\/www.europesays.com\/pt\/wp-json\/wp\/v2\/tags?post=207039"}],"curies":[{"name":"wp","href":"https:\/\/api.w.org\/{rel}","templated":true}]}}