{"id":207045,"date":"2025-12-29T21:54:08","date_gmt":"2025-12-29T21:54:08","guid":{"rendered":"https:\/\/www.europesays.com\/pt\/207045\/"},"modified":"2025-12-29T21:54:08","modified_gmt":"2025-12-29T21:54:08","slug":"surpresa-no-especial-cristina-ferreira-vai-entrar-na-casa-do-secret-story-9-esta-noite-secret-story","status":"publish","type":"post","link":"https:\/\/www.europesays.com\/pt\/207045\/","title":{"rendered":"Surpresa no Especial! Cristina Ferreira vai entrar na casa do Secret Story 9 esta noite &#8211; Secret Story"},"content":{"rendered":"<p lang=\"EN-US\" paraeid=\"{e9ddff3f-51c1-434a-b1f2-b93288bb3fc4}{112}\" paraid=\"726605552\" xml:lang=\"EN-US\">O Especial mais aguardado desta edi\u00e7\u00e3o \u00e9 j\u00e1 esta noite.\u00a0A apresentadora\u00a0prepara-se para entrar na casa do\u00a0Secret\u00a0Story e visitar os <a href=\"https:\/\/tvi.iol.pt\/secretstory\/leandro\/ines\/quem-chegou-a-meta-estes-sao-os-quatro-finalistas-do-secret-story-9\" rel=\"nofollow noopener\" target=\"_blank\">finalistas desta edi\u00e7\u00e3o<\/a>.\u00a0<\/p>\n<p lang=\"EN-US\" paraeid=\"{e9ddff3f-51c1-434a-b1f2-b93288bb3fc4}{112}\" paraid=\"726605552\" xml:lang=\"EN-US\">No final da gala deste domingo, Cristina Ferreira,\u00a0em g\u00e9nero de segredo, revelou que hoje ia entrar na casa mais vigiada do pa\u00eds. Esse momento vai acontecer durante o Especial desta noite, a partir das 21:40h, na TVI.\u00a0\u00a0<\/p>\n<p paraeid=\"{b78bb456-32d1-4996-bebd-efe0435cb251}{221}\" paraid=\"1855932007\" xml:lang=\"EN-US\">Veja o v\u00eddeo.\u00a0\u00a0<\/p>\n<p paraeid=\"{b78bb456-32d1-4996-bebd-efe0435cb251}{221}\" paraid=\"1855932007\" xml:lang=\"EN-US\">\u00a0<\/p>\n","protected":false},"excerpt":{"rendered":"O Especial mais aguardado desta edi\u00e7\u00e3o \u00e9 j\u00e1 esta noite.\u00a0A apresentadora\u00a0prepara-se para entrar na casa do\u00a0Secret\u00a0Story e visitar&hellip;\n","protected":false},"author":2,"featured_media":207046,"comment_status":"","ping_status":"","sticky":false,"template":"","format":"standard","meta":{"footnotes":""},"categories":[142],"tags":[166,114,115,18800,32,33,151,162,18801],"class_list":{"0":"post-207045","1":"post","2":"type-post","3":"status-publish","4":"format-standard","5":"has-post-thumbnail","7":"category-tv","8":"tag-cristina-ferreira","9":"tag-entertainment","10":"tag-entretenimento","11":"tag-momentos-virais-secret-story","12":"tag-portugal","13":"tag-pt","14":"tag-tv","15":"tag-tvi","16":"tag-videos-virais-concorrentes"},"share_on_mastodon":{"url":"https:\/\/pubeurope.com\/@pt\/115805085028362260","error":""},"_links":{"self":[{"href":"https:\/\/www.europesays.com\/pt\/wp-json\/wp\/v2\/posts\/207045","targetHints":{"allow":["GET"]}}],"collection":[{"href":"https:\/\/www.europesays.com\/pt\/wp-json\/wp\/v2\/posts"}],"about":[{"href":"https:\/\/www.europesays.com\/pt\/wp-json\/wp\/v2\/types\/post"}],"author":[{"embeddable":true,"href":"https:\/\/www.europesays.com\/pt\/wp-json\/wp\/v2\/users\/2"}],"replies":[{"embeddable":true,"href":"https:\/\/www.europesays.com\/pt\/wp-json\/wp\/v2\/comments?post=207045"}],"version-history":[{"count":0,"href":"https:\/\/www.europesays.com\/pt\/wp-json\/wp\/v2\/posts\/207045\/revisions"}],"wp:featuredmedia":[{"embeddable":true,"href":"https:\/\/www.europesays.com\/pt\/wp-json\/wp\/v2\/media\/207046"}],"wp:attachment":[{"href":"https:\/\/www.europesays.com\/pt\/wp-json\/wp\/v2\/media?parent=207045"}],"wp:term":[{"taxonomy":"category","embeddable":true,"href":"https:\/\/www.europesays.com\/pt\/wp-json\/wp\/v2\/categories?post=207045"},{"taxonomy":"post_tag","embeddable":true,"href":"https:\/\/www.europesays.com\/pt\/wp-json\/wp\/v2\/tags?post=207045"}],"curies":[{"name":"wp","href":"https:\/\/api.w.org\/{rel}","templated":true}]}}