{"id":207049,"date":"2025-12-29T21:57:12","date_gmt":"2025-12-29T21:57:12","guid":{"rendered":"https:\/\/www.europesays.com\/pt\/207049\/"},"modified":"2025-12-29T21:57:12","modified_gmt":"2025-12-29T21:57:12","slug":"vertonghen-arrasa-arbitros-em-portugal","status":"publish","type":"post","link":"https:\/\/www.europesays.com\/pt\/207049\/","title":{"rendered":"Vertonghen arrasa \u00e1rbitros em Portugal"},"content":{"rendered":"<p>Jan Vertonghen, ex-futebolista que representou o Benfica entre a temporada 2020\/21 e o in\u00edcio da \u00e9poca 2022\/23, utilizou as redes sociais para fazer uma aprecia\u00e7\u00e3o \u00e0 qualidade da arbitragem em Portugal.<\/p>\n<p>\u00abOs \u00e1rbitros em Portugal n\u00e3o s\u00e3o suficientemente bons para n\u00edvel profissional, facto!\u00bb, escreveu o futebolista que mais vezes vestiu a camisola da sele\u00e7\u00e3o da B\u00e9lgica.<\/p>\n<p>A rea\u00e7\u00e3o de Vertonghen na plataforma X (antigo Twitter) surgiu um dia depois do empate do Benfica em Braga (2-2), jogo no qual as \u00e1guias tiveram um golo anulado a Dahl por falta anterior de Ricard R\u00edos &#8211; que os encarnados consideraram n\u00e3o existir &#8211; e os dois clubes <a href=\"https:\/\/maisfutebol.iol.pt\/sp-braga-benfica\/liga\/antonio-salvador-e-rui-costa-falaram-aos-jornalistas-apos-o-sp-braga-benfica\" rel=\"nofollow noopener\" target=\"_blank\"><strong>queixaram-se do trabalho da equipa de arbitragem.<\/strong><\/a><\/p>\n","protected":false},"excerpt":{"rendered":"Jan Vertonghen, ex-futebolista que representou o Benfica entre a temporada 2020\/21 e o in\u00edcio da \u00e9poca 2022\/23, utilizou&hellip;\n","protected":false},"author":2,"featured_media":207050,"comment_status":"","ping_status":"","sticky":false,"template":"","format":"standard","meta":{"footnotes":""},"categories":[87],"tags":[51,135,40780,36,46,32,33,47,1233,134,40781],"class_list":{"0":"post-207049","1":"post","2":"type-post","3":"status-publish","4":"format-standard","5":"has-post-thumbnail","7":"category-desporto","8":"tag-benfica","9":"tag-desporto","10":"tag-jan-vertonghen","11":"tag-liga","12":"tag-maisfutebol","13":"tag-portugal","14":"tag-pt","15":"tag-pura-paixao","16":"tag-sp-braga","17":"tag-sports","18":"tag-vertonghen"},"share_on_mastodon":{"url":"https:\/\/pubeurope.com\/@pt\/115805096810538100","error":""},"_links":{"self":[{"href":"https:\/\/www.europesays.com\/pt\/wp-json\/wp\/v2\/posts\/207049","targetHints":{"allow":["GET"]}}],"collection":[{"href":"https:\/\/www.europesays.com\/pt\/wp-json\/wp\/v2\/posts"}],"about":[{"href":"https:\/\/www.europesays.com\/pt\/wp-json\/wp\/v2\/types\/post"}],"author":[{"embeddable":true,"href":"https:\/\/www.europesays.com\/pt\/wp-json\/wp\/v2\/users\/2"}],"replies":[{"embeddable":true,"href":"https:\/\/www.europesays.com\/pt\/wp-json\/wp\/v2\/comments?post=207049"}],"version-history":[{"count":0,"href":"https:\/\/www.europesays.com\/pt\/wp-json\/wp\/v2\/posts\/207049\/revisions"}],"wp:featuredmedia":[{"embeddable":true,"href":"https:\/\/www.europesays.com\/pt\/wp-json\/wp\/v2\/media\/207050"}],"wp:attachment":[{"href":"https:\/\/www.europesays.com\/pt\/wp-json\/wp\/v2\/media?parent=207049"}],"wp:term":[{"taxonomy":"category","embeddable":true,"href":"https:\/\/www.europesays.com\/pt\/wp-json\/wp\/v2\/categories?post=207049"},{"taxonomy":"post_tag","embeddable":true,"href":"https:\/\/www.europesays.com\/pt\/wp-json\/wp\/v2\/tags?post=207049"}],"curies":[{"name":"wp","href":"https:\/\/api.w.org\/{rel}","templated":true}]}}