{"id":207058,"date":"2025-12-29T22:04:17","date_gmt":"2025-12-29T22:04:17","guid":{"rendered":"https:\/\/www.europesays.com\/pt\/207058\/"},"modified":"2025-12-29T22:04:17","modified_gmt":"2025-12-29T22:04:17","slug":"ad-tomba-ps-perde-chega-cresce-liberais-e-livre-empatados","status":"publish","type":"post","link":"https:\/\/www.europesays.com\/pt\/207058\/","title":{"rendered":"AD tomba, PS perde, Chega cresce. Liberais e Livre empatados"},"content":{"rendered":"<p data-remotead-prev-elm=\"true\" data-remotead-elm-id=\"inread\">Em apenas um m\u00eas, a<strong> AD caiu <\/strong>quase nove pontos para os 29,7%, reduzindo para metade a vantagem que tinha sobre o segundo lugar. Em novembro, com 38,5% de inten\u00e7\u00f5es de voto, a AD estava 12 pontos \u00e0 frente do PS, agora s\u00e3o cerca de seis.<\/p>\n<p>Os<strong> socialistas perdem <\/strong>cerca de tr\u00eas pontos e s\u00e3o <strong>novamente apanhados pelo Chega que recupera e regista a maior subida deste m\u00eas<\/strong>. O PS tem 23,1%, o Chega tem 22,6%, ou seja, <strong>meio ponto separa os dois partidos<\/strong> que est\u00e3o empatados no segundo lugar.<\/p>\n<p><img decoding=\"async\" class=\"ngx-body\" guid=\"bd37ac1c-a93e-4a1d-8e36-85964b75fee7\" src=\"https:\/\/www.europesays.com\/pt\/wp-content\/uploads\/2025\/12\/1767045856_774_image.webp.webp\" width=\"100%\"\/><\/p>\n<p data-remotead-prev-elm=\"true\" data-remotead-elm-id=\"centro1\">Outro<strong> empate acontece na terceira posi\u00e7\u00e3o com Livre e Iniciativa Liberal <\/strong>a registarem 7,3% de inten\u00e7\u00f5es de voto. Trata-se de uma subida para os dois partidos.<\/p>\n<p>A <strong>CDU com 2,6% permanece acima do Bloco de Esquerda<\/strong> que tem 1,3% e o <strong>PAN desce <\/strong>para 0,5% de inten\u00e7\u00f5es de voto.<\/p>\n<p><img decoding=\"async\" class=\"ngx-body\" guid=\"97d40601-0ef5-4afd-bfa8-5b8cc90d1588\" src=\"https:\/\/www.europesays.com\/pt\/wp-content\/uploads\/2025\/12\/1767045857_762_image.webp.webp\" width=\"100%\"\/><\/p>\n<p data-remotead-prev-elm=\"true\" data-remotead-elm-id=\"centro2\">Se no m\u00eas passado a <strong>AD<\/strong> ganhava em todos os segmentos, exceto junto dos mais velhos, agora <strong>perde a lideran\u00e7a do voto mais jovem <\/strong>para o Chega, enquanto os eleitores acima de 65 anos d\u00e3o ainda vantagem ao PS. Os socialistas ganham na Grande Lisboa, a AD segura o voto no Norte e Centro, mas \u00e9 ultrapassada pelo Chega no resto do pa\u00eds.<\/p>\n<p>Este m\u00eas, entre os tr\u00eas maiores partidos, \u00e9 a AD quem mais perde para o bloco dos indecisos.<\/p>\n<p><img decoding=\"async\" class=\"ngx-body\" guid=\"edc18a4e-0029-4fd0-8ad8-f7cb0e3fd2fc\" src=\"https:\/\/www.europesays.com\/pt\/wp-content\/uploads\/2025\/12\/1767045857_286_image.webp.webp\" width=\"100%\"\/><\/p>\n<p>FICHA T\u00c9CNICA:<\/p>\n<p>Sondagem realizada pela Pitag\u00f3rica para a TSF-JN- TVI-CNN Portugal, com o objetivo de avaliar a opini\u00e3o dos portugueses sobre a inten\u00e7\u00e3o de voto em legislativas. O trabalho de campo decorreu entre os dias 11 e 19 dezembro. A amostra foi recolhida de forma aleat\u00f3ria junto de eleitores recenseados em Portugal e foi devidamente estratificada por g\u00e9nero, idade e regi\u00e3o. A taxa de resposta foi de 49,7%. As mil entrevistas telef\u00f3nicas recolhidas correspondem a uma margem de erro m\u00e1xima de +\/- 3,16% para um n\u00edvel de confian\u00e7a de 95,5%. A dire\u00e7\u00e3o t\u00e9cnica do estudo \u00e9 da responsabilidade de Rita Marques da Silva.<\/p>\n","protected":false},"excerpt":{"rendered":"Em apenas um m\u00eas, a AD caiu quase nove pontos para os 29,7%, reduzindo para metade a vantagem&hellip;\n","protected":false},"author":2,"featured_media":207059,"comment_status":"","ping_status":"","sticky":false,"template":"","format":"standard","meta":{"footnotes":""},"categories":[8],"tags":[40783,454,27,28,4861,1736,22703,15,16,14,25,26,453,21,22,12,13,19,20,452,15086,2260,52,32,23,24,33,4862,17,18,29,30,31],"class_list":{"0":"post-207058","1":"post","2":"type-post","3":"status-publish","4":"format-standard","5":"has-post-thumbnail","7":"category-principais-noticias","8":"tag-ad-coligacao-psd-cds","9":"tag-bloco-de-esquerda","10":"tag-breaking-news","11":"tag-breakingnews","12":"tag-cdu","13":"tag-chega","14":"tag-eleicoes-legislativas","15":"tag-featured-news","16":"tag-featurednews","17":"tag-headlines","18":"tag-latest-news","19":"tag-latestnews","20":"tag-livre","21":"tag-main-news","22":"tag-mainnews","23":"tag-news","24":"tag-noticias","25":"tag-noticias-principais","26":"tag-noticiasprincipais","27":"tag-pan","28":"tag-partido-socialista","29":"tag-partidos-politicos","30":"tag-politica","31":"tag-portugal","32":"tag-principais-noticias","33":"tag-principaisnoticias","34":"tag-pt","35":"tag-sondagem","36":"tag-top-stories","37":"tag-topstories","38":"tag-ultimas","39":"tag-ultimas-noticias","40":"tag-ultimasnoticias"},"share_on_mastodon":{"url":"","error":"Validation failed: Text character limit of 500 exceeded"},"_links":{"self":[{"href":"https:\/\/www.europesays.com\/pt\/wp-json\/wp\/v2\/posts\/207058","targetHints":{"allow":["GET"]}}],"collection":[{"href":"https:\/\/www.europesays.com\/pt\/wp-json\/wp\/v2\/posts"}],"about":[{"href":"https:\/\/www.europesays.com\/pt\/wp-json\/wp\/v2\/types\/post"}],"author":[{"embeddable":true,"href":"https:\/\/www.europesays.com\/pt\/wp-json\/wp\/v2\/users\/2"}],"replies":[{"embeddable":true,"href":"https:\/\/www.europesays.com\/pt\/wp-json\/wp\/v2\/comments?post=207058"}],"version-history":[{"count":0,"href":"https:\/\/www.europesays.com\/pt\/wp-json\/wp\/v2\/posts\/207058\/revisions"}],"wp:featuredmedia":[{"embeddable":true,"href":"https:\/\/www.europesays.com\/pt\/wp-json\/wp\/v2\/media\/207059"}],"wp:attachment":[{"href":"https:\/\/www.europesays.com\/pt\/wp-json\/wp\/v2\/media?parent=207058"}],"wp:term":[{"taxonomy":"category","embeddable":true,"href":"https:\/\/www.europesays.com\/pt\/wp-json\/wp\/v2\/categories?post=207058"},{"taxonomy":"post_tag","embeddable":true,"href":"https:\/\/www.europesays.com\/pt\/wp-json\/wp\/v2\/tags?post=207058"}],"curies":[{"name":"wp","href":"https:\/\/api.w.org\/{rel}","templated":true}]}}