{"id":207060,"date":"2025-12-29T22:05:09","date_gmt":"2025-12-29T22:05:09","guid":{"rendered":"https:\/\/www.europesays.com\/pt\/207060\/"},"modified":"2025-12-29T22:05:09","modified_gmt":"2025-12-29T22:05:09","slug":"dudu-camargo-leva-a-pior-na-justica-e-e-condenado","status":"publish","type":"post","link":"https:\/\/www.europesays.com\/pt\/207060\/","title":{"rendered":"Dudu Camargo leva a pior na Justi\u00e7a e \u00e9 condenado"},"content":{"rendered":"<p>Dudu Camargo foi condenado em definitivo a pagar uma indeniza\u00e7\u00e3o por um acidente de tr\u00e2nsito que ocorreu em dezembro de 2021. O apresentador levou a pior na Justi\u00e7a em um processo movido por Lucas Ant\u00f4nio Severino e Roseli Fontes Fernandes Rodrigues, motorista e propriet\u00e1ria de um t\u00e1xi, respectivamente.<\/p>\n<p>De acordo com informa\u00e7\u00f5es da colunista F\u00e1bia Oliveira, o processo teve desfecho final no \u00faltimo dia 17 de dezembro, quando a senten\u00e7a transitou em julgado. Sendo assim, n\u00e3o cabem mais recursos por parte de nenhuma das partes envolvidas.<\/p>\n<p>+\u00a0<a href=\"https:\/\/natelinha.uol.com.br\/mercado\/2025\/12\/29\/mtv-nick-e-outros-paramount-tira-canais-da-tv-por-assinatura-claro-e-sky-se-manifestam-235877.php\" rel=\"nofollow noopener\" target=\"_blank\">MTV, Nick e outros: Paramount tira canais da TV por assinatura; Claro e Sky se manifestam<\/a><\/p>\n<p>continua depois da publicidade<\/p>\n<p>+\u00a0<a href=\"https:\/\/natelinha.uol.com.br\/tv-historia\/2025\/12\/29\/50-anos-de-playboy-veja-como-estao-7-recordistas-de-vendas-da-revista-235226.php\" rel=\"nofollow noopener\" target=\"_blank\">50 anos de Playboy: veja como est\u00e3o 7 recordistas de vendas da revista<\/a><\/p>\n<p>O jornalista, que foi o campe\u00e3o de A Fazenda, ter\u00e1 que pagar uma indeniza\u00e7\u00e3o de R$ 5.265,17, valor que ser\u00e1 acrescido de juros e corre\u00e7\u00e3o monet\u00e1ria. Caso o ex-pe\u00e3o n\u00e3o cumpra a determina\u00e7\u00e3o, o Judici\u00e1rio pode ordenar o bloqueio de valores em contas banc\u00e1rias e penhora de bens.<\/p>\n<p>O acidente envolvendo Dudu Camargo<\/p>\n<p>O caso que deu origem ao processo perdido por <a href=\"https:\/\/natelinha.uol.com.br\/famosos\/tudo-sobre\/dudu-camargo\" rel=\"nofollow noopener\" target=\"_blank\">Dudu Camargo<\/a> foi um acidente de tr\u00e2nsito que aconteceu h\u00e1 quatro anos. O jornalista foi acusado de colidir seu autom\u00f3vel com o t\u00e1xi dirigido por Lucas, autom\u00f3vel que pertencia a Roseli.<\/p>\n<p>continua depois da publicidade<\/p>\n<p>A a\u00e7\u00e3o explica que o famoso assegurou que arcaria com os custos do reparo do carro danificado, mas n\u00e3o cumpriu. Foi o sumi\u00e7o dele que levou \u00e0 briga nos tribunais.<\/p>\n<p>O apresentador foi considerado respons\u00e1vel pelo acidente e, consequentemente, pelos danos materiais ao ve\u00edculo da v\u00edtima. Na \u00e9poca em que <a href=\"https:\/\/natelinha.uol.com.br\/a-fazenda\/2025\/11\/17\/a-fazenda-dudu-camargo-e-condenado-na-justica-diz-colunista-234052.php\" rel=\"nofollow noopener\" target=\"_blank\">o prazo para recurso se esgotou, ele ainda estava confinado no reality rural.<\/a><\/p>\n<p>Como a defesa n\u00e3o se manifestou dentro do per\u00edodo legal, o processo avan\u00e7ou automaticamente para a fase de cumprimento da senten\u00e7a, quando o r\u00e9u \u00e9 intimado a quitar a d\u00edvida no prazo estipulado pelas autoridades.<\/p>\n<p>continua depois da publicidade<\/p>\n","protected":false},"excerpt":{"rendered":"Dudu Camargo foi condenado em definitivo a pagar uma indeniza\u00e7\u00e3o por um acidente de tr\u00e2nsito que ocorreu em&hellip;\n","protected":false},"author":2,"featured_media":207061,"comment_status":"","ping_status":"","sticky":false,"template":"","format":"standard","meta":{"footnotes":""},"categories":[145],"tags":[211,210,20035,114,115,32,33],"class_list":{"0":"post-207060","1":"post","2":"type-post","3":"status-publish","4":"format-standard","5":"has-post-thumbnail","7":"category-celebridades","8":"tag-celebridades","9":"tag-celebrities","10":"tag-dudu-camargo","11":"tag-entertainment","12":"tag-entretenimento","13":"tag-portugal","14":"tag-pt"},"share_on_mastodon":{"url":"https:\/\/pubeurope.com\/@pt\/115805128122567703","error":""},"_links":{"self":[{"href":"https:\/\/www.europesays.com\/pt\/wp-json\/wp\/v2\/posts\/207060","targetHints":{"allow":["GET"]}}],"collection":[{"href":"https:\/\/www.europesays.com\/pt\/wp-json\/wp\/v2\/posts"}],"about":[{"href":"https:\/\/www.europesays.com\/pt\/wp-json\/wp\/v2\/types\/post"}],"author":[{"embeddable":true,"href":"https:\/\/www.europesays.com\/pt\/wp-json\/wp\/v2\/users\/2"}],"replies":[{"embeddable":true,"href":"https:\/\/www.europesays.com\/pt\/wp-json\/wp\/v2\/comments?post=207060"}],"version-history":[{"count":0,"href":"https:\/\/www.europesays.com\/pt\/wp-json\/wp\/v2\/posts\/207060\/revisions"}],"wp:featuredmedia":[{"embeddable":true,"href":"https:\/\/www.europesays.com\/pt\/wp-json\/wp\/v2\/media\/207061"}],"wp:attachment":[{"href":"https:\/\/www.europesays.com\/pt\/wp-json\/wp\/v2\/media?parent=207060"}],"wp:term":[{"taxonomy":"category","embeddable":true,"href":"https:\/\/www.europesays.com\/pt\/wp-json\/wp\/v2\/categories?post=207060"},{"taxonomy":"post_tag","embeddable":true,"href":"https:\/\/www.europesays.com\/pt\/wp-json\/wp\/v2\/tags?post=207060"}],"curies":[{"name":"wp","href":"https:\/\/api.w.org\/{rel}","templated":true}]}}