{"id":207062,"date":"2025-12-29T22:08:14","date_gmt":"2025-12-29T22:08:14","guid":{"rendered":"https:\/\/www.europesays.com\/pt\/207062\/"},"modified":"2025-12-29T22:08:14","modified_gmt":"2025-12-29T22:08:14","slug":"imperdivel-marisa-e-pedro-de-costas-voltadas-tvi","status":"publish","type":"post","link":"https:\/\/www.europesays.com\/pt\/207062\/","title":{"rendered":"Imperd\u00edvel: Marisa e Pedro de costas voltadas &#8211; TVI"},"content":{"rendered":"<ol>\n<li><a href=\"https:\/\/news.google.com\/rss\/articles\/CBMiqwFBVV95cUxQRXZoei13RmR3MmdSUDdjVXhGMU9QYUxaMjJQWERqZ3V5MlRLTVlwS05sdjZFOVlQRmE2Q2VPSktyWkpkdENId1pkaEV6ZDlwSFdtejVVTzBobEtTZXJYbnJQVG92NFJPOVlYXzV5aHg3aEdVazlROFYwMUpSd1VBdnZuSUtFWk9YVTdyNjRVVzNoNnJ5YnRSY09uWXZPSmlBUmRacUVwYkhVc1U?oc=5\" target=\"_blank\" rel=\"nofollow noopener\">Imperd\u00edvel: Marisa e Pedro de costas voltadas<\/a>&nbsp;&nbsp;TVI<\/li>\n<li><a href=\"https:\/\/news.google.com\/rss\/articles\/CBMi2AFBVV95cUxQNmV5TjhMMGlwa05YRG5fN0drd0Z3Q1U5M0YwYXRmY2VIMHJEQXA1Vk9LZ0pPWHg2RG9wcVFhYlBQSUxHYzRyeEFKNjBZQVY2N3c3MUpuUk1BcVpCdTdHSXZ2amZkb196RkZIWXFqeUlCWURmUWtLd2llRmpSUlhIcjVyRXhoaURLaF9MenlYRHVtR0Y0WXlzYnBNM1ZJOWxabDBZTjN1dFpWbU1US2ctNTdyVHVyMFBnQUFTNFlBbktDTW1LRERXWDNfbXJaR004d0U3RVhSbUE?oc=5\" target=\"_blank\" rel=\"nofollow noopener\">\u00abDevias ter tido mais calma com o Pedro\u00bb: As palavras de Bruna Gomes para Leandro<\/a>&nbsp;&nbsp;TVI<\/li>\n<li><a href=\"https:\/\/news.google.com\/rss\/articles\/CBMiyAFBVV95cUxOLVpOUE9hWGV1WS03VTM1Y3Q5N3NyY213TVNiWWx3dmZseExYUlRWTmlISnQwdXNWOUVjMkcwRHk4VzEtLU1la3Q2SVYzUmtnRk9PZENPd3JEbzlEa2RHMzFTRkpnbl9xNmFzUVlyUjl6SEtEMWxrOF93QWE1UEM2RUVVbUQwYWhTYkZseDE4NXVNY3RTVDE4bS1ieUdqMTZDU1NpM20ySmxmMjJCQWo1MFdVWWFBVjNWZXNDZUhyNk9oejhGS2NoLQ?oc=5\" target=\"_blank\" rel=\"nofollow noopener\">Liliana acusa Marisa de usar os filhos no jogo e discuss\u00e3o explode<\/a>&nbsp;&nbsp;TVI<\/li>\n<li><a href=\"https:\/\/news.google.com\/rss\/articles\/CBMi8wFBVV95cUxNR3dwWVRBSG5vYlh6cXFhelIycXpQbmRTVGlvT2VOUVFfTFhnekR1ak1yQTFadWNJa0dlaEdyX05CWW56Y3VLNXVsOW5RT2ZzT0NRLXdqbWM3RFhHYVFheE45UFJDd1RqQlhzMW04c25QUzhLeFBicWhTXzA2TjZyR1JpU2pWMnduemhEdHhsTUJjNnJ3T18xUUFuM21CY1pkTk12ek5GUU02V3lsU3FxNHdXSkF4a1NDYkQzZ01PcTA1R2xBNjRHM3RFS01ZdDdOVm9VY20wQ01uTldGOWhhM21nR18zQ0g0bnM0T3RMOFpRV0U?oc=5\" target=\"_blank\" rel=\"nofollow noopener\">Tens\u00e3o m\u00e1xima na Cadeira Quente! Pedro Jorge confronta Liliana por causa de Z\u00e9 e discuss\u00e3o descamba<\/a>&nbsp;&nbsp;TVI<\/li>\n<li><a href=\"https:\/\/news.google.com\/rss\/articles\/CBMi4wFBVV95cUxPUmRNTlIxM0Fzbkgzal9jNloyQ0w5ejdITFVfSzBSeHp6QmtuY3ZxOE5ZdzRNOFhpM0cxQ1dfUF9oWGNWMlRTdWM3SjBJS1dTRXBiX08ybW9aSXRsQml2ZU1hZDhNYXBwa2ZtaFozZnNwNk13NnVYVjVxOVkwVmNkY3ZENjZOYUFlYnUwRDNtX0laTVJnZ09lZDh6cy1ULUp1WXJkY25HM3NBQ05MRnZjVU5YQ0ZCb3VaNjJUUUtJUVNhcjNiY1pBRXh5MTNwdmV6NTFGYVZUWUhXa1AybXVKenlpWQ?oc=5\" target=\"_blank\" rel=\"nofollow noopener\">Liliana eleita mais ciumenta, Marisa ataca voto de Pedro e provoca\u00e7\u00f5es disparam na casa<\/a>&nbsp;&nbsp;TVI<\/li>\n<\/ol>\n","protected":false},"excerpt":{"rendered":"Imperd\u00edvel: Marisa e Pedro de costas voltadas&nbsp;&nbsp;TVI \u00abDevias ter tido mais calma com o Pedro\u00bb: As palavras de&hellip;\n","protected":false},"author":2,"featured_media":207063,"comment_status":"","ping_status":"","sticky":false,"template":"","format":"standard","meta":{"footnotes":""},"categories":[142],"tags":[114,115,19033,19184,19034,14646,32,33,151,19032],"class_list":{"0":"post-207062","1":"post","2":"type-post","3":"status-publish","4":"format-standard","5":"has-post-thumbnail","7":"category-tv","8":"tag-entertainment","9":"tag-entretenimento","10":"tag-galas-em-video","11":"tag-marisa","12":"tag-melhores-momentos-casa-dos-segredos","13":"tag-pedro","14":"tag-portugal","15":"tag-pt","16":"tag-tv","17":"tag-videos-secret-story-tvi"},"share_on_mastodon":{"url":"https:\/\/pubeurope.com\/@pt\/115805140014533458","error":""},"_links":{"self":[{"href":"https:\/\/www.europesays.com\/pt\/wp-json\/wp\/v2\/posts\/207062","targetHints":{"allow":["GET"]}}],"collection":[{"href":"https:\/\/www.europesays.com\/pt\/wp-json\/wp\/v2\/posts"}],"about":[{"href":"https:\/\/www.europesays.com\/pt\/wp-json\/wp\/v2\/types\/post"}],"author":[{"embeddable":true,"href":"https:\/\/www.europesays.com\/pt\/wp-json\/wp\/v2\/users\/2"}],"replies":[{"embeddable":true,"href":"https:\/\/www.europesays.com\/pt\/wp-json\/wp\/v2\/comments?post=207062"}],"version-history":[{"count":0,"href":"https:\/\/www.europesays.com\/pt\/wp-json\/wp\/v2\/posts\/207062\/revisions"}],"wp:featuredmedia":[{"embeddable":true,"href":"https:\/\/www.europesays.com\/pt\/wp-json\/wp\/v2\/media\/207063"}],"wp:attachment":[{"href":"https:\/\/www.europesays.com\/pt\/wp-json\/wp\/v2\/media?parent=207062"}],"wp:term":[{"taxonomy":"category","embeddable":true,"href":"https:\/\/www.europesays.com\/pt\/wp-json\/wp\/v2\/categories?post=207062"},{"taxonomy":"post_tag","embeddable":true,"href":"https:\/\/www.europesays.com\/pt\/wp-json\/wp\/v2\/tags?post=207062"}],"curies":[{"name":"wp","href":"https:\/\/api.w.org\/{rel}","templated":true}]}}