{"id":207070,"date":"2025-12-29T22:14:17","date_gmt":"2025-12-29T22:14:17","guid":{"rendered":"https:\/\/www.europesays.com\/pt\/207070\/"},"modified":"2025-12-29T22:14:17","modified_gmt":"2025-12-29T22:14:17","slug":"o-novo-smartphone-de-luxo-chega-a-7-de-janeiro","status":"publish","type":"post","link":"https:\/\/www.europesays.com\/pt\/207070\/","title":{"rendered":"o novo smartphone de luxo chega a 7 de janeiro"},"content":{"rendered":"<p>Se achavas que a Motorola se tinha esquecido como fazer um verdadeiro smartphone premium que vira cabe\u00e7as, prepara-te para marcar uma data na agenda. A marca, agora propriedade da Lenovo, confirmou que vai revelar o seu primeiro dispositivo da nova \u201cSignature Class\u201d no dia <strong>7 de janeiro de 2026<\/strong>.<\/p>\n<p>Sob o slogan \u201cO Premium Merece a Sua Assinatura\u201d, a Motorola est\u00e1 a preparar-se para lan\u00e7ar um dispositivo que promete distinguir-se n\u00e3o s\u00f3 pelas especifica\u00e7\u00f5es, mas por um design que a marca descreve como \u201ccurado como nunca antes\u201d.<\/p>\n<p><img fetchpriority=\"high\" decoding=\"async\" width=\"1200\" height=\"675\" src=\"https:\/\/www.europesays.com\/pt\/wp-content\/uploads\/2025\/12\/Motorola-7-Janeiro-1200x675.webp.webp\" alt=\"Motorola 7 janeiro\" class=\"wp-image-164162\" title=\"Motorola 7 Janeiro TecheNet\"  \/><\/p>\n<p>Um design que grita \u201cExclusivo\u201d<\/p>\n<p>As fugas de informa\u00e7\u00e3o e os teasers oficiais pintam o retrato de um smartphone que quer ser uma pe\u00e7a de design. Esquece o pl\u00e1stico ou o design utilit\u00e1rio da s\u00e9rie Moto G. O Motorola Signature aposta em acabamentos texturados e cores sofisticadas, como o <strong>Carbono<\/strong> e o <strong>Martini Olive<\/strong>.<\/p>\n<p>O ecr\u00e3, descrito como \u201cagressivamente curvo\u201d, recupera uma est\u00e9tica de luxo que muitas marcas abandonaram, mas que confere ao dispositivo uma silhueta inconfund\u00edvel e elegante. \u00c9 um smartphone desenhado para quem acha que o telem\u00f3vel deve ser um acess\u00f3rio de estilo.<\/p>\n<p>O motor: Snapdragon 8 Gen 5 (a escolha inteligente?)<\/p>\n<p>Debaixo do cap\u00f4, o Motorola Signature n\u00e3o vai para o exagero absoluto, mas sim para a efici\u00eancia de topo. O dispositivo dever\u00e1 ser alimentado pelo <strong>Qualcomm Snapdragon 8 Gen 5<\/strong>.<\/p>\n<p>\u00c9 importante notar a diferen\u00e7a: este n\u00e3o \u00e9 o Snapdragon 8 \u201cElite\u201d que equipar\u00e1 monstros como o Galaxy S26 Ultra. No entanto, esta \u00e9 uma escolha estrat\u00e9gica inteligente. O Snapdragon 8 Gen 5 continua a ser um processador de alt\u00edssimo desempenho, capaz de lidar com qualquer tarefa, mas permite \u00e0 Motorola posicionar o Signature com um pre\u00e7o muito mais agressivo e competitivo do que os topos de gama de 1500 euros.<\/p>\n<p>O mist\u00e9rio do lan\u00e7amento: \u00cdndia ou Global?<\/p>\n<p>A grande inc\u00f3gnita reside na disponibilidade. O evento de 7 de janeiro est\u00e1 confirmado para a <strong>\u00cdndia<\/strong>, um mercado onde a Motorola tem crescido imenso.<\/p>\n<p>Curiosamente, esta data coincide com a CES em Las Vegas, a maior feira de tecnologia do mundo. O sil\u00eancio da marca sobre um lan\u00e7amento nos EUA ou na Europa \u00e9 preocupante, lembrando o destino do Edge 50 Ultra que nunca chegou a alguns mercados ocidentais. No entanto, dado o posicionamento \u201cSignature\u201d, \u00e9 prov\u00e1vel que este modelo acabe por chegar a mais regi\u00f5es ao longo de 2026.<\/p>\n<p>Para j\u00e1, a Motorola come\u00e7a o ano com uma promessa: o luxo acess\u00edvel e o design distinto est\u00e3o de volta ao seu ADN.<\/p>\n<p><strong>Outros artigos interessantes:<\/strong><\/p>\n","protected":false},"excerpt":{"rendered":"Se achavas que a Motorola se tinha esquecido como fazer um verdadeiro smartphone premium que vira cabe\u00e7as, prepara-te&hellip;\n","protected":false},"author":2,"featured_media":207071,"comment_status":"","ping_status":"","sticky":false,"template":"","format":"standard","meta":{"footnotes":""},"categories":[84],"tags":[109,107,108,32,33,105,103,104,106,110],"class_list":{"0":"post-207070","1":"post","2":"type-post","3":"status-publish","4":"format-standard","5":"has-post-thumbnail","7":"category-ciencia-e-tecnologia","8":"tag-ciencia","9":"tag-ciencia-e-tecnologia","10":"tag-cienciaetecnologia","11":"tag-portugal","12":"tag-pt","13":"tag-science","14":"tag-science-and-technology","15":"tag-scienceandtechnology","16":"tag-technology","17":"tag-tecnologia"},"share_on_mastodon":{"url":"https:\/\/pubeurope.com\/@pt\/115805163547434416","error":""},"_links":{"self":[{"href":"https:\/\/www.europesays.com\/pt\/wp-json\/wp\/v2\/posts\/207070","targetHints":{"allow":["GET"]}}],"collection":[{"href":"https:\/\/www.europesays.com\/pt\/wp-json\/wp\/v2\/posts"}],"about":[{"href":"https:\/\/www.europesays.com\/pt\/wp-json\/wp\/v2\/types\/post"}],"author":[{"embeddable":true,"href":"https:\/\/www.europesays.com\/pt\/wp-json\/wp\/v2\/users\/2"}],"replies":[{"embeddable":true,"href":"https:\/\/www.europesays.com\/pt\/wp-json\/wp\/v2\/comments?post=207070"}],"version-history":[{"count":0,"href":"https:\/\/www.europesays.com\/pt\/wp-json\/wp\/v2\/posts\/207070\/revisions"}],"wp:featuredmedia":[{"embeddable":true,"href":"https:\/\/www.europesays.com\/pt\/wp-json\/wp\/v2\/media\/207071"}],"wp:attachment":[{"href":"https:\/\/www.europesays.com\/pt\/wp-json\/wp\/v2\/media?parent=207070"}],"wp:term":[{"taxonomy":"category","embeddable":true,"href":"https:\/\/www.europesays.com\/pt\/wp-json\/wp\/v2\/categories?post=207070"},{"taxonomy":"post_tag","embeddable":true,"href":"https:\/\/www.europesays.com\/pt\/wp-json\/wp\/v2\/tags?post=207070"}],"curies":[{"name":"wp","href":"https:\/\/api.w.org\/{rel}","templated":true}]}}