{"id":207099,"date":"2025-12-29T22:39:13","date_gmt":"2025-12-29T22:39:13","guid":{"rendered":"https:\/\/www.europesays.com\/pt\/207099\/"},"modified":"2025-12-29T22:39:13","modified_gmt":"2025-12-29T22:39:13","slug":"benfica-vasculha-mercado-por-ponta-de-lanca-e-tem-jovem-nigeriano-referenciado","status":"publish","type":"post","link":"https:\/\/www.europesays.com\/pt\/207099\/","title":{"rendered":"Benfica vasculha mercado por ponta de lan\u00e7a e tem jovem nigeriano referenciado"},"content":{"rendered":"<p>A contrata\u00e7\u00e3o de um extremo n\u00e3o \u00e9 o \u00fanico foco no Benfica para o ataque neste mercado de inverno e, sabe o <strong>Maisfutebol<\/strong>, h\u00e1 uma forte busca por um ponta de lan\u00e7a para ser a sombra de Vangelis Pavlidis.<\/p>\n<p>Depois de frustrada a tentativa pelo italiano Lorenzo Lucca, que est\u00e1 emprestado pela Udinese ao N\u00e1poles, os encarnados passaram a olhar para op\u00e7\u00f5es mais vi\u00e1veis, entre elas o nigeriano Rafiu Durosinmi.<\/p>\n<p>Refer\u00eancia ofensiva do Viktoria Plzen, Durosinmi tem o perfil desejado por Jos\u00e9 Mourinho: possante, forte fisicamente e com presen\u00e7a constante na \u00e1rea advers\u00e1ria. N\u00e3o menos importante, est\u00e1 em fim de contrato (at\u00e9 junho de 2026), o que pode facilitar uma eventual negocia\u00e7\u00e3o.<\/p>\n<p>Rafiu Durosinmi, de 22 anos, fez toda a forma\u00e7\u00e3o no futebol checo, tendo-se iniciado no MFK Karvin\u00e1 e rumado ao Plzen em 2023. Nesta temporada, j\u00e1 leva 13 golos em 30 jogos oficiais.<\/p>\n<p> <strong>Extremos na mira<\/strong> <\/p>\n<p>Garantida a contrata\u00e7\u00e3o do lateral polivalente cabo-verdiano Sidny Cabral, do Estrela da Amadora, o Benfica trabalha agora para fechar o quanto antes a chegada de um extremo, sendo que h\u00e1 dois brasileiros a encabe\u00e7ar a lista de alvos priorit\u00e1rios: Andr\u00e9 Luiz, do Rio Ave, e Wesley, dos sauditas do Al Nassr.<\/p>\n","protected":false},"excerpt":{"rendered":"A contrata\u00e7\u00e3o de um extremo n\u00e3o \u00e9 o \u00fanico foco no Benfica para o ataque neste mercado de&hellip;\n","protected":false},"author":2,"featured_media":207100,"comment_status":"","ping_status":"","sticky":false,"template":"","format":"standard","meta":{"footnotes":""},"categories":[87],"tags":[51,135,40792,3695,46,42,32,33,47,40791,134,35,40793],"class_list":{"0":"post-207099","1":"post","2":"type-post","3":"status-publish","4":"format-standard","5":"has-post-thumbnail","7":"category-desporto","8":"tag-benfica","9":"tag-desporto","10":"tag-durosinmi","11":"tag-mais-transferencias","12":"tag-maisfutebol","13":"tag-mercado","14":"tag-portugal","15":"tag-pt","16":"tag-pura-paixao","17":"tag-rafiu-durosinmi","18":"tag-sports","19":"tag-transferencias","20":"tag-viktoria-plzen"},"share_on_mastodon":{"url":"https:\/\/pubeurope.com\/@pt\/115805262016459343","error":""},"_links":{"self":[{"href":"https:\/\/www.europesays.com\/pt\/wp-json\/wp\/v2\/posts\/207099","targetHints":{"allow":["GET"]}}],"collection":[{"href":"https:\/\/www.europesays.com\/pt\/wp-json\/wp\/v2\/posts"}],"about":[{"href":"https:\/\/www.europesays.com\/pt\/wp-json\/wp\/v2\/types\/post"}],"author":[{"embeddable":true,"href":"https:\/\/www.europesays.com\/pt\/wp-json\/wp\/v2\/users\/2"}],"replies":[{"embeddable":true,"href":"https:\/\/www.europesays.com\/pt\/wp-json\/wp\/v2\/comments?post=207099"}],"version-history":[{"count":0,"href":"https:\/\/www.europesays.com\/pt\/wp-json\/wp\/v2\/posts\/207099\/revisions"}],"wp:featuredmedia":[{"embeddable":true,"href":"https:\/\/www.europesays.com\/pt\/wp-json\/wp\/v2\/media\/207100"}],"wp:attachment":[{"href":"https:\/\/www.europesays.com\/pt\/wp-json\/wp\/v2\/media?parent=207099"}],"wp:term":[{"taxonomy":"category","embeddable":true,"href":"https:\/\/www.europesays.com\/pt\/wp-json\/wp\/v2\/categories?post=207099"},{"taxonomy":"post_tag","embeddable":true,"href":"https:\/\/www.europesays.com\/pt\/wp-json\/wp\/v2\/tags?post=207099"}],"curies":[{"name":"wp","href":"https:\/\/api.w.org\/{rel}","templated":true}]}}