{"id":207309,"date":"2025-12-30T02:01:41","date_gmt":"2025-12-30T02:01:41","guid":{"rendered":"https:\/\/www.europesays.com\/pt\/207309\/"},"modified":"2025-12-30T02:01:41","modified_gmt":"2025-12-30T02:01:41","slug":"rui-costa-diz-que-tiago-martins-nao-tem-condicoes-para-estar-em-jogos-do-benfica","status":"publish","type":"post","link":"https:\/\/www.europesays.com\/pt\/207309\/","title":{"rendered":"Rui Costa diz que Tiago Martins n\u00e3o tem condi\u00e7\u00f5es para estar em jogos do Benfica"},"content":{"rendered":"<p data-remotead-prev-elm=\"true\" data-remotead-elm-id=\"inread\">Rui Costa considera que o golo de Samuel Dahl, que daria o 3-2 aos encarnados em Braga, foi mal assinalado. &#8220;Um bom jogo de futebol, duas boas equipas, primeira parte do Braga, a segunda do Benfica. Fica um golo anulado que est\u00e1 para ser explicado e n\u00e3o consigo encontrar explica\u00e7\u00f5es. O 3-2 a que Mourinho se refere \u00e9 de um lance que n\u00e3o nos parece em nada falta. Mas \u00e9 o que \u00e9. Deix\u00e1mos aqui mais dois pontos, quando aquele golo, que nos poderia ter dado a vit\u00f3ria, \u00e9 um golo limpo&#8221;, come\u00e7ou por dizer.<\/p>\n<p>&#8220;O \u00faltimo jogo que tinha feito era o da Ta\u00e7a de Portugal e ver esta falta e n\u00e3o ter visto o que se passou na final da Ta\u00e7a de Portugal. Fica um golo limpo, completamente limpo, e que acabou por ser anulado de forma inacredit\u00e1vel. O Benfica vai continuar a questionar o que se tem passado no futebol portugu\u00eas e certos \u00e1rbitros que tal como Ant\u00f3nio Salvador disse, e bem, porque me ajudou a fazer essa leitura&#8221;, criticou Rui Costa.<\/p>\n<p>Os encarnados podem agora ficar ainda mais longe dos rivais. &#8220;Podemos ficar a dez pontos de desvantagem, n\u00e3o era aquilo que quer\u00edamos a chegar a dezembro. N\u00e3o esper\u00e1vamos, de todo, estar a dez pontos do primeiro classificado. Curiosamente, cheg\u00e1mos com esta desvantagem sem derrotas e com tr\u00eas empates em casa. Temos de continuar a acreditar no t\u00edtulo. Da mesma forma que perdemos estes pontos, os nossos advers\u00e1rios tamb\u00e9m podem perd\u00ea-los. Ainda temos muito para lutar. Ningu\u00e9m vai atirar a toalha ao ch\u00e3o&#8221;, assumiu.<\/p>\n<p>O l\u00edder encarnado abordou ainda o mercado de janeiro: &#8220;Vai trazer as novidades que decidirmos que sejam importantes para o Benfica. Vamos continuar a lutar por esta \u00e9poca. Os dez pontos de atraso n\u00e3o nos tiram do t\u00edtulo, de todo. E ainda h\u00e1 muita coisa para conquistar esta \u00e9poca&#8221;, concluiu.<\/p>\n","protected":false},"excerpt":{"rendered":"Rui Costa considera que o golo de Samuel Dahl, que daria o 3-2 aos encarnados em Braga, foi&hellip;\n","protected":false},"author":2,"featured_media":207310,"comment_status":"","ping_status":"","sticky":false,"template":"","format":"standard","meta":{"footnotes":""},"categories":[8],"tags":[51,1912,27,28,135,15,16,524,14,25,26,21,22,12,13,19,20,32,23,24,33,6058,17,18,29,30,31],"class_list":{"0":"post-207309","1":"post","2":"type-post","3":"status-publish","4":"format-standard","5":"has-post-thumbnail","7":"category-principais-noticias","8":"tag-benfica","9":"tag-braga","10":"tag-breaking-news","11":"tag-breakingnews","12":"tag-desporto","13":"tag-featured-news","14":"tag-featurednews","15":"tag-futebol","16":"tag-headlines","17":"tag-latest-news","18":"tag-latestnews","19":"tag-main-news","20":"tag-mainnews","21":"tag-news","22":"tag-noticias","23":"tag-noticias-principais","24":"tag-noticiasprincipais","25":"tag-portugal","26":"tag-principais-noticias","27":"tag-principaisnoticias","28":"tag-pt","29":"tag-rui-costa","30":"tag-top-stories","31":"tag-topstories","32":"tag-ultimas","33":"tag-ultimas-noticias","34":"tag-ultimasnoticias"},"share_on_mastodon":{"url":"https:\/\/pubeurope.com\/@pt\/115806056168339450","error":""},"_links":{"self":[{"href":"https:\/\/www.europesays.com\/pt\/wp-json\/wp\/v2\/posts\/207309","targetHints":{"allow":["GET"]}}],"collection":[{"href":"https:\/\/www.europesays.com\/pt\/wp-json\/wp\/v2\/posts"}],"about":[{"href":"https:\/\/www.europesays.com\/pt\/wp-json\/wp\/v2\/types\/post"}],"author":[{"embeddable":true,"href":"https:\/\/www.europesays.com\/pt\/wp-json\/wp\/v2\/users\/2"}],"replies":[{"embeddable":true,"href":"https:\/\/www.europesays.com\/pt\/wp-json\/wp\/v2\/comments?post=207309"}],"version-history":[{"count":0,"href":"https:\/\/www.europesays.com\/pt\/wp-json\/wp\/v2\/posts\/207309\/revisions"}],"wp:featuredmedia":[{"embeddable":true,"href":"https:\/\/www.europesays.com\/pt\/wp-json\/wp\/v2\/media\/207310"}],"wp:attachment":[{"href":"https:\/\/www.europesays.com\/pt\/wp-json\/wp\/v2\/media?parent=207309"}],"wp:term":[{"taxonomy":"category","embeddable":true,"href":"https:\/\/www.europesays.com\/pt\/wp-json\/wp\/v2\/categories?post=207309"},{"taxonomy":"post_tag","embeddable":true,"href":"https:\/\/www.europesays.com\/pt\/wp-json\/wp\/v2\/tags?post=207309"}],"curies":[{"name":"wp","href":"https:\/\/api.w.org\/{rel}","templated":true}]}}