{"id":207395,"date":"2025-12-30T03:40:12","date_gmt":"2025-12-30T03:40:12","guid":{"rendered":"https:\/\/www.europesays.com\/pt\/207395\/"},"modified":"2025-12-30T03:40:12","modified_gmt":"2025-12-30T03:40:12","slug":"putin-disse-a-trump-que-ucrania-tentou-atacar-residencia-presidencial-de-ferias-guerra-na-ucrania","status":"publish","type":"post","link":"https:\/\/www.europesays.com\/pt\/207395\/","title":{"rendered":"Putin disse a Trump que Ucr\u00e2nia tentou atacar resid\u00eancia presidencial de f\u00e9rias | Guerra na Ucr\u00e2nia"},"content":{"rendered":"<p>A R\u00fassia acusou a Ucr\u00e2nia de ter tentado atacar a resid\u00eancia de f\u00e9rias do Presidente russo, Vladimir Putin, e disse estar disposta a retaliar. Kiev rejeita as alega\u00e7\u00f5es e diz que o Kremlin pretende apenas criar um pretexto para atingir edif\u00edcios governamentais.<\/p>\n<p>A Ucr\u00e2nia ter\u00e1 lan\u00e7ado durante a \u00faltima madrugada 91 drones na direc\u00e7\u00e3o da resid\u00eancia presidencial de Dolgiie Borodi, na prov\u00edncia de Novgorod, de acordo com o ministro russo dos Neg\u00f3cios Estrangeiros, Serguei Lavrov, em declara\u00e7\u00f5es citadas pela ag\u00eancia Reuters. As defesas antia\u00e9reas russas interceptaram com sucesso todos os drones.<\/p>\n<p>N\u00e3o foram noticiados quaisquer danos ou feridos na regi\u00e3o e n\u00e3o foi revelado se Putin se encontrava na resid\u00eancia de f\u00e9rias que foi usada por antigos l\u00edderes sovi\u00e9ticos.<\/p>\n<p>        &#13;<\/p>\n<p>&#13;<br \/>\n                &#13;\n            <\/p>\n<p>&#13;<\/p>\n<p>Lavrov afirmou que estes \u201cataques imprudentes\u201d ter\u00e3o uma resposta de Moscovo, e que j\u00e1 existe uma lista de alvos semelhantes que podem servir como retalia\u00e7\u00e3o. O chefe da diplomacia russa condenou os ataques por ocorrerem durante o processo negocial, mas garantiu que Moscovo se mant\u00e9m empenhado em continuar a discutir a paz, embora a sua posi\u00e7\u00e3o negocial venha a ser \u201crevista\u201d.<\/p>\n<p>O assunto foi discutido por Putin no telefonema com o Presidente norte-americano, Donald Trump, esta segunda-feira, menos de 24 horas depois de se ter <a href=\"https:\/\/www.publico.pt\/2025\/12\/29\/mundo\/noticia\/garantias-seguranca-dadas-eua-ucrania-vao-durar-15-anos-zelensky-2159543\" target=\"_blank\" rel=\"nofollow noopener\">encontrado<\/a> com o hom\u00f3logo ucraniano, Volodymyr Zelensky, na Florida.<\/p>\n<p>Em declara\u00e7\u00f5es \u00e0 imprensa na Casa Branca, Trump disse ter ficado &#8220;zangado&#8221; quando soube do ataque contra a resid\u00eancia de Putin durante a conversa entre os dois l\u00edderes.<\/p>\n<p>De acordo com o conselheiro do Kremlin Iuri Ushakov, o Presidente dos EUA ter\u00e1 ficado \u201cchocado\u201d com o ataque de drones contra a resid\u00eancia presidencial.<\/p>\n<p>Antes, a Casa Branca tinha confirmado o telefonema entre os dois l\u00edderes, descrevendo-o simplesmente como \u201cpositivo\u201d.<\/p>\n<p>A Ucr\u00e2nia acusou o Governo russo de estar a mentir e negou ter atacado a resid\u00eancia de Putin. Zelensky garantiu que a inten\u00e7\u00e3o russa \u00e9 de, uma vez mais, fazer descarrilar o processo negocial e de ter um pretexto para mais ataques.<\/p>\n<p>\u201cEles est\u00e3o simplesmente a preparar o terreno para levar a cabo ataques, provavelmente na capital e contra edif\u00edcios governamentais\u201d, afirmou Zelensky.<\/p>\n<p>No mesmo sentido, o ministro dos Neg\u00f3cios Estrangeiros ucraniano, Andrii Sibiha, acusou a R\u00fassia de \u201cmanipula\u00e7\u00e3o\u201d e de mentir. \u201cUma t\u00e1ctica russa comum: acusar o outro lado daquilo que se est\u00e1 a fazer ou a manipular\u201d, disse o ministro.<\/p>\n<p>No domingo, Zelensky e Trump estiveram reunidos a discutir o plano de paz para a Ucr\u00e2nia e ambos disseram terem sido feitos <a href=\"https:\/\/www.publico.pt\/2025\/12\/28\/mundo\/noticia\/trump-putin-empenhado-paz-dois-lideres-querem-chegar-acordo-2159496\" target=\"_blank\" rel=\"nofollow noopener\">muitos progressos<\/a>, embora persistam alguns pontos de disc\u00f3rdia.<\/p>\n","protected":false},"excerpt":{"rendered":"A R\u00fassia acusou a Ucr\u00e2nia de ter tentado atacar a resid\u00eancia de f\u00e9rias do Presidente russo, Vladimir Putin,&hellip;\n","protected":false},"author":2,"featured_media":207396,"comment_status":"","ping_status":"","sticky":false,"template":"","format":"standard","meta":{"footnotes":""},"categories":[8],"tags":[27,28,413,445,15,16,889,14,25,26,21,22,62,12,13,19,20,32,23,24,33,839,17,18,840,29,30,31,2415,2416],"class_list":{"0":"post-207395","1":"post","2":"type-post","3":"status-publish","4":"format-standard","5":"has-post-thumbnail","7":"category-principais-noticias","8":"tag-breaking-news","9":"tag-breakingnews","10":"tag-eua","11":"tag-europa","12":"tag-featured-news","13":"tag-featurednews","14":"tag-guerra-na-ucrania","15":"tag-headlines","16":"tag-latest-news","17":"tag-latestnews","18":"tag-main-news","19":"tag-mainnews","20":"tag-mundo","21":"tag-news","22":"tag-noticias","23":"tag-noticias-principais","24":"tag-noticiasprincipais","25":"tag-portugal","26":"tag-principais-noticias","27":"tag-principaisnoticias","28":"tag-pt","29":"tag-russia","30":"tag-top-stories","31":"tag-topstories","32":"tag-ucrania","33":"tag-ultimas","34":"tag-ultimas-noticias","35":"tag-ultimasnoticias","36":"tag-vladimir-putin","37":"tag-volodymyr-zelensky"},"share_on_mastodon":{"url":"https:\/\/pubeurope.com\/@pt\/115806445450126473","error":""},"_links":{"self":[{"href":"https:\/\/www.europesays.com\/pt\/wp-json\/wp\/v2\/posts\/207395","targetHints":{"allow":["GET"]}}],"collection":[{"href":"https:\/\/www.europesays.com\/pt\/wp-json\/wp\/v2\/posts"}],"about":[{"href":"https:\/\/www.europesays.com\/pt\/wp-json\/wp\/v2\/types\/post"}],"author":[{"embeddable":true,"href":"https:\/\/www.europesays.com\/pt\/wp-json\/wp\/v2\/users\/2"}],"replies":[{"embeddable":true,"href":"https:\/\/www.europesays.com\/pt\/wp-json\/wp\/v2\/comments?post=207395"}],"version-history":[{"count":0,"href":"https:\/\/www.europesays.com\/pt\/wp-json\/wp\/v2\/posts\/207395\/revisions"}],"wp:featuredmedia":[{"embeddable":true,"href":"https:\/\/www.europesays.com\/pt\/wp-json\/wp\/v2\/media\/207396"}],"wp:attachment":[{"href":"https:\/\/www.europesays.com\/pt\/wp-json\/wp\/v2\/media?parent=207395"}],"wp:term":[{"taxonomy":"category","embeddable":true,"href":"https:\/\/www.europesays.com\/pt\/wp-json\/wp\/v2\/categories?post=207395"},{"taxonomy":"post_tag","embeddable":true,"href":"https:\/\/www.europesays.com\/pt\/wp-json\/wp\/v2\/tags?post=207395"}],"curies":[{"name":"wp","href":"https:\/\/api.w.org\/{rel}","templated":true}]}}