{"id":207423,"date":"2025-12-30T04:09:10","date_gmt":"2025-12-30T04:09:10","guid":{"rendered":"https:\/\/www.europesays.com\/pt\/207423\/"},"modified":"2025-12-30T04:09:10","modified_gmt":"2025-12-30T04:09:10","slug":"corpo-de-thierry-tremouroux-sera-velado-e-cremado-amanha-no-rio","status":"publish","type":"post","link":"https:\/\/www.europesays.com\/pt\/207423\/","title":{"rendered":"Corpo de Thierry Tr\u00e9mouroux ser\u00e1 velado e cremado amanh\u00e3 no Rio"},"content":{"rendered":"<p>O corpo do ator Thierry Tr\u00e9mouroux, que morreu neste domingo (28) aos 64 anos, ser\u00e1 velado nesta ter\u00e7a-feira (30\/12) no Rio de Janeiro.<\/p>\n<p>A despedida do artista, conhecido por interpretar Eug\u00eanio em &#8220;Nos Tempos do Imperador&#8221; (TV Globo), acontece nesta ter\u00e7a-feira (30\/12) (30) no Cemit\u00e9rio do Caju, a partir das 11h10. O corpo do ator ser\u00e1 cremado \u00e0s 15h.<\/p>\n<p>MORTE<\/p>\n<p>A not\u00edcia da morte foi divulgada pela filha de Thierry. Lara Tremouroux, tamb\u00e9m atriz, fez uma postagem em homenagem ao pai no Instagram: &#8220;Ah, meu amor. Que bom que te falei tudo. A carta que te dei, t\u00e1 tudo l\u00e1. Obrigada n\u00e3o chega perto, caramba a come\u00e7ar pela vida mesmo!&#8221;<\/p>\n<p>A causa da morte n\u00e3o foi informada. Segundo o jornal O Globo, Thierry foi diagnosticado com c\u00e2ncer de pulm\u00e3o em 2022.<\/p>\n<p>Thierry nasceu na B\u00e9lgica e foi naturalizado no Brasil. Ele morava no pa\u00eds havia mais de 30 anos e ficou conhecido, al\u00e9m de ator, como diretor teatral. Al\u00e9m do papel de Eug\u00eanio em Nos Tempos do Imperador, Thierry atuou na miniss\u00e9rie Amores Roubados e em Malha\u00e7\u00e3o, entre outros.\u00a0<\/p>\n<p>Amigos lamentaram a morte do ator. &#8220;Que homem espetacular foi e \u00e9 seu pai, meu amor! Te abra\u00e7o com muito afeto!!!! Viva Thierry!!!!&#8221;, escreveu Drica Moraes na postagem de Lara. Enrique Diaz tamb\u00e9m comentou: &#8220;Tanto tanto tanto amor, g-zuis. Uma coisa ele, uma coisa voc\u00eas. A vida misteriosa, fluida, e essa beleza toda em que a gente vai resvalando, \u00e9 bonito demais. Te amo, beibi&#8221;.<\/p>\n","protected":false},"excerpt":{"rendered":"O corpo do ator Thierry Tr\u00e9mouroux, que morreu neste domingo (28) aos 64 anos, ser\u00e1 velado nesta ter\u00e7a-feira&hellip;\n","protected":false},"author":2,"featured_media":207424,"comment_status":"","ping_status":"","sticky":false,"template":"","format":"standard","meta":{"footnotes":""},"categories":[145],"tags":[211,210,1566,114,115,9122,32,33,863],"class_list":{"0":"post-207423","1":"post","2":"type-post","3":"status-publish","4":"format-standard","5":"has-post-thumbnail","7":"category-celebridades","8":"tag-celebridades","9":"tag-celebrities","10":"tag-cremacao","11":"tag-entertainment","12":"tag-entretenimento","13":"tag-nos-tempos-do-imperador","14":"tag-portugal","15":"tag-pt","16":"tag-velorio"},"share_on_mastodon":{"url":"https:\/\/pubeurope.com\/@pt\/115806559509370369","error":""},"_links":{"self":[{"href":"https:\/\/www.europesays.com\/pt\/wp-json\/wp\/v2\/posts\/207423","targetHints":{"allow":["GET"]}}],"collection":[{"href":"https:\/\/www.europesays.com\/pt\/wp-json\/wp\/v2\/posts"}],"about":[{"href":"https:\/\/www.europesays.com\/pt\/wp-json\/wp\/v2\/types\/post"}],"author":[{"embeddable":true,"href":"https:\/\/www.europesays.com\/pt\/wp-json\/wp\/v2\/users\/2"}],"replies":[{"embeddable":true,"href":"https:\/\/www.europesays.com\/pt\/wp-json\/wp\/v2\/comments?post=207423"}],"version-history":[{"count":0,"href":"https:\/\/www.europesays.com\/pt\/wp-json\/wp\/v2\/posts\/207423\/revisions"}],"wp:featuredmedia":[{"embeddable":true,"href":"https:\/\/www.europesays.com\/pt\/wp-json\/wp\/v2\/media\/207424"}],"wp:attachment":[{"href":"https:\/\/www.europesays.com\/pt\/wp-json\/wp\/v2\/media?parent=207423"}],"wp:term":[{"taxonomy":"category","embeddable":true,"href":"https:\/\/www.europesays.com\/pt\/wp-json\/wp\/v2\/categories?post=207423"},{"taxonomy":"post_tag","embeddable":true,"href":"https:\/\/www.europesays.com\/pt\/wp-json\/wp\/v2\/tags?post=207423"}],"curies":[{"name":"wp","href":"https:\/\/api.w.org\/{rel}","templated":true}]}}