{"id":207457,"date":"2025-12-30T05:13:10","date_gmt":"2025-12-30T05:13:10","guid":{"rendered":"https:\/\/www.europesays.com\/pt\/207457\/"},"modified":"2025-12-30T05:13:10","modified_gmt":"2025-12-30T05:13:10","slug":"dicas-boas-para-quem-quer-ter-mais-disposicao-para-treinar-em-2026","status":"publish","type":"post","link":"https:\/\/www.europesays.com\/pt\/207457\/","title":{"rendered":"Dicas boas para quem quer ter mais disposi\u00e7\u00e3o para treinar em 2026"},"content":{"rendered":"<p>\n\t\t\t\t\t\tEstabelecer hor\u00e1rios fixos na agenda e tratar o treino como um compromisso inadi\u00e1vel ajuda a manter a disciplina a longo prazo \/ ImageFX\n\t\t\t\t\t<\/p>\n<p>Transformar a atividade f\u00edsica em um h\u00e1bito duradouro exige muito mais do que apenas for\u00e7a de vontade; requer estrat\u00e9gia e ajustes na rotina.\u00a0<\/p>\n<p><strong>Fa\u00e7a parte do grupo do Di\u00e1rio no <\/strong><a href=\"https:\/\/bit.ly\/CanalDiarioDoLitoral\" target=\"_blank\" rel=\"nofollow noopener\">WhatsApp<\/a> <strong>e<\/strong> <a href=\"https:\/\/t.me\/diariodolitoral\" target=\"_blank\" rel=\"nofollow\">Telegram<\/a><strong>.<br \/>Mantenha-se bem informado.<\/strong><\/p>\n<p>Embora o in\u00edcio de 2026 traga aquela motiva\u00e7\u00e3o extra das resolu\u00e7\u00f5es de ano novo, o segredo para n\u00e3o abandonar os planos nas primeiras semanas est\u00e1 em como voc\u00ea organiza o seu dia a dia e prepara o seu corpo para o esfor\u00e7o.\n\t\t\t<\/p>\n<p class=\"texto-continue listagem-detalhe\">Continua depois da publicidade<\/p>\n<p>O primeiro passo fundamental \u00e9 o gerenciamento do tempo. Tratar o hor\u00e1rio da atividade f\u00edsica com a mesma seriedade de uma reuni\u00e3o de trabalho impede que outros compromissos tomem o espa\u00e7o da sua sa\u00fade.\u00a0<\/p>\n<p>Al\u00e9m disso, a repeti\u00e7\u00e3o \u00e9 a alma da persist\u00eancia. O c\u00e9rebro precisa de const\u00e2ncia para automatizar um comportamento, por isso, manter hor\u00e1rios fixos nos primeiros meses \u00e9 crucial para que o exerc\u00edcio deixe de ser um sacrif\u00edcio e se torne parte natural da sua identidade.\n\t\t\t<\/p>\n<p class=\"texto-continue listagem-detalhe\">Continua depois da publicidade<\/p>\n<p>A qualidade do descanso tamb\u00e9m dita o ritmo da sua energia. Um sono regulado permite que voc\u00ea acorde com mais vigor e tenha combust\u00edvel mental para encarar o treino, independentemente do turno escolhido.\u00a0<\/p>\n<p><strong>Dica do editor:\u00a0<\/strong><a href=\"https:\/\/www.diariodolitoral.com.br\/diario-mais\/como-aumentar-a-massa-muscular-sem-academia-treine-usando-apenas-o\/205151\/\" rel=\"nofollow noopener\" target=\"_blank\">Como aumentar a massa muscular sem academia: treine usando apenas o peso do corpo.<\/a><\/p>\n<p>Outra t\u00e1tica inteligente \u00e9 humanizar o ambiente de treino. Ver a <a href=\"https:\/\/www.diariodolitoral.com.br\/tags\/academia\/\" rel=\"nofollow noopener\" target=\"_blank\">academia<\/a> ou o clube como um espa\u00e7o de conviv\u00eancia social ajuda a vencer os dias de pregui\u00e7a; \u00e0s vezes, ir apenas para caminhar ou conversar com amigos mant\u00e9m o h\u00e1bito vivo, mesmo quando o rendimento n\u00e3o \u00e9 o foco.\n\t\t\t<\/p>\n<p class=\"texto-continue listagem-detalhe\">Continua depois da publicidade<\/p>\n<p>Por fim, combater a monotonia \u00e9 essencial para manter a mente engajada. O corpo se adapta rapidamente aos est\u00edmulos, ent\u00e3o buscar novos desafios e modalidades diferentes evita o t\u00e9dio e mant\u00e9m a motiva\u00e7\u00e3o em alta.<\/p>\n<p>Ao alternar os exerc\u00edcios e testar novas atividades, voc\u00ea descobre novas formas de prazer no movimento, garantindo que 2026 seja, finalmente, o ano da sua transforma\u00e7\u00e3o f\u00edsica.<\/p>\n<p>Principais pontos<\/p>\n<ul>&#13;<\/p>\n<li>Estabelecer hor\u00e1rios fixos na agenda e tratar o treino como um compromisso inadi\u00e1vel ajuda a manter a disciplina a longo prazo.<\/li>\n<p>&#13;<\/p>\n<li>A const\u00e2ncia \u00e9 fundamental nos primeiros meses para que o c\u00e9rebro consiga transformar o esfor\u00e7o f\u00edsico em um h\u00e1bito autom\u00e1tico.<\/li>\n<p>&#13;<\/p>\n<li>Dormir cedo e garantir um sono de qualidade \u00e9 o fator que mais influencia a disposi\u00e7\u00e3o e o n\u00edvel de energia durante o dia.<\/li>\n<p>&#13;<\/p>\n<li>Manter a rotina de ir ao local de treino mesmo nos dias de des\u00e2nimo ajuda a preservar o comportamento e a evitar a desist\u00eancia.<\/li>\n<p>&#13;<\/p>\n<li>A intera\u00e7\u00e3o social e a amizade no ambiente esportivo funcionam como um poderoso gatilho motivacional para os dias dif\u00edceis.<\/li>\n<p>&#13;<\/p>\n<li>Variar as modalidades e os tipos de exerc\u00edcios evita que o corpo e a mente entrem em um estado de t\u00e9dio e estagna\u00e7\u00e3o.<\/li>\n<p>&#13;<\/p>\n<li>Pedir orienta\u00e7\u00e3o aos profissionais de educa\u00e7\u00e3o f\u00edsica permite encontrar alternativas que tornem o treino mais prazeroso e din\u00e2mico.<\/li>\n<p>&#13;<\/p>\n<li>O foco inicial deve ser a constru\u00e7\u00e3o do h\u00e1bito antes de buscar flexibilidade total na agenda de exerc\u00edcios.<\/li>\n<p>&#13;\n<\/ul>\n","protected":false},"excerpt":{"rendered":"Estabelecer hor\u00e1rios fixos na agenda e tratar o treino como um compromisso inadi\u00e1vel ajuda a manter a disciplina&hellip;\n","protected":false},"author":2,"featured_media":207458,"comment_status":"","ping_status":"","sticky":false,"template":"","format":"standard","meta":{"footnotes":""},"categories":[86],"tags":[11587,10710,116,32,33,117],"class_list":{"0":"post-207457","1":"post","2":"type-post","3":"status-publish","4":"format-standard","5":"has-post-thumbnail","7":"category-saude","8":"tag-academia","9":"tag-diario-mais","10":"tag-health","11":"tag-portugal","12":"tag-pt","13":"tag-saude"},"share_on_mastodon":{"url":"https:\/\/pubeurope.com\/@pt\/115806811098045410","error":""},"_links":{"self":[{"href":"https:\/\/www.europesays.com\/pt\/wp-json\/wp\/v2\/posts\/207457","targetHints":{"allow":["GET"]}}],"collection":[{"href":"https:\/\/www.europesays.com\/pt\/wp-json\/wp\/v2\/posts"}],"about":[{"href":"https:\/\/www.europesays.com\/pt\/wp-json\/wp\/v2\/types\/post"}],"author":[{"embeddable":true,"href":"https:\/\/www.europesays.com\/pt\/wp-json\/wp\/v2\/users\/2"}],"replies":[{"embeddable":true,"href":"https:\/\/www.europesays.com\/pt\/wp-json\/wp\/v2\/comments?post=207457"}],"version-history":[{"count":0,"href":"https:\/\/www.europesays.com\/pt\/wp-json\/wp\/v2\/posts\/207457\/revisions"}],"wp:featuredmedia":[{"embeddable":true,"href":"https:\/\/www.europesays.com\/pt\/wp-json\/wp\/v2\/media\/207458"}],"wp:attachment":[{"href":"https:\/\/www.europesays.com\/pt\/wp-json\/wp\/v2\/media?parent=207457"}],"wp:term":[{"taxonomy":"category","embeddable":true,"href":"https:\/\/www.europesays.com\/pt\/wp-json\/wp\/v2\/categories?post=207457"},{"taxonomy":"post_tag","embeddable":true,"href":"https:\/\/www.europesays.com\/pt\/wp-json\/wp\/v2\/tags?post=207457"}],"curies":[{"name":"wp","href":"https:\/\/api.w.org\/{rel}","templated":true}]}}