{"id":207483,"date":"2025-12-30T05:54:18","date_gmt":"2025-12-30T05:54:18","guid":{"rendered":"https:\/\/www.europesays.com\/pt\/207483\/"},"modified":"2025-12-30T05:54:18","modified_gmt":"2025-12-30T05:54:18","slug":"jogador-que-esteve-a-um-passo-do-fc-porto-interessa-ao-sevilha","status":"publish","type":"post","link":"https:\/\/www.europesays.com\/pt\/207483\/","title":{"rendered":"Jogador que esteve a um passo do FC Porto interessa ao Sevilha"},"content":{"rendered":"<p>&#8211; Advertisement &#8211;<\/p>\n<p><strong>Oscar Bobb dever\u00e1 deixar o Manchester City no mercado de transfer\u00eancias de inverno. O Sevilha est\u00e1 interessado no extremo.<\/strong><\/p>\n<p>Oscar Bobb dever\u00e1 ser um dos nomes a sair do Manchester City no mercado de inverno. <a href=\"https:\/\/bolanarede.pt\/especial-bola-na-rede\/atualidade\/manchester-city-arruma-a-casa-e-pode-deixar-sair-avancado-para-o-borussia-dortmund\/\" target=\"_blank\" rel=\"noreferrer noopener nofollow\">Depois de ter sido associado ao Borussia Dortmund<\/a>, a imprensa inglesa indica que o jogador interessa ao Sevilha, emblema da La Liga, num neg\u00f3cio que seria feito por empr\u00e9stimo.<\/p>\n<p>O noruegu\u00eas esteve a um passo de assinar pelo FC Porto em 2016, mas a transfer\u00eancia foi abortada por problemas burocr\u00e1ticos, levando Oscar Bobb a regressar ao Valerenga.<\/p>\n<p>Oscar Bobb tem 22 anos e esta temporada soma 15 partidas, com uma assist\u00eancia. O seu contrato \u00e9 v\u00e1lido at\u00e9 ao ver\u00e3o de 2029. Chegou ao Manchester City em 2019, para as camadas jovens dos ingleses.<\/p>\n","protected":false},"excerpt":{"rendered":"&#8211; Advertisement &#8211; Oscar Bobb dever\u00e1 deixar o Manchester City no mercado de transfer\u00eancias de inverno. O Sevilha&hellip;\n","protected":false},"author":2,"featured_media":207484,"comment_status":"","ping_status":"","sticky":false,"template":"","format":"standard","meta":{"footnotes":""},"categories":[87],"tags":[260,135,282,5705,1382,26697,32,33,5620,134],"class_list":{"0":"post-207483","1":"post","2":"type-post","3":"status-publish","4":"format-standard","5":"has-post-thumbnail","7":"category-desporto","8":"tag-atualidade","9":"tag-desporto","10":"tag-fc-porto","11":"tag-la-liga","12":"tag-manchester-city","13":"tag-oscar-bobb","14":"tag-portugal","15":"tag-pt","16":"tag-sevilha","17":"tag-sports"},"share_on_mastodon":{"url":"https:\/\/pubeurope.com\/@pt\/115806972349060210","error":""},"_links":{"self":[{"href":"https:\/\/www.europesays.com\/pt\/wp-json\/wp\/v2\/posts\/207483","targetHints":{"allow":["GET"]}}],"collection":[{"href":"https:\/\/www.europesays.com\/pt\/wp-json\/wp\/v2\/posts"}],"about":[{"href":"https:\/\/www.europesays.com\/pt\/wp-json\/wp\/v2\/types\/post"}],"author":[{"embeddable":true,"href":"https:\/\/www.europesays.com\/pt\/wp-json\/wp\/v2\/users\/2"}],"replies":[{"embeddable":true,"href":"https:\/\/www.europesays.com\/pt\/wp-json\/wp\/v2\/comments?post=207483"}],"version-history":[{"count":0,"href":"https:\/\/www.europesays.com\/pt\/wp-json\/wp\/v2\/posts\/207483\/revisions"}],"wp:featuredmedia":[{"embeddable":true,"href":"https:\/\/www.europesays.com\/pt\/wp-json\/wp\/v2\/media\/207484"}],"wp:attachment":[{"href":"https:\/\/www.europesays.com\/pt\/wp-json\/wp\/v2\/media?parent=207483"}],"wp:term":[{"taxonomy":"category","embeddable":true,"href":"https:\/\/www.europesays.com\/pt\/wp-json\/wp\/v2\/categories?post=207483"},{"taxonomy":"post_tag","embeddable":true,"href":"https:\/\/www.europesays.com\/pt\/wp-json\/wp\/v2\/tags?post=207483"}],"curies":[{"name":"wp","href":"https:\/\/api.w.org\/{rel}","templated":true}]}}