{"id":207493,"date":"2025-12-30T06:14:08","date_gmt":"2025-12-30T06:14:08","guid":{"rendered":"https:\/\/www.europesays.com\/pt\/207493\/"},"modified":"2025-12-30T06:14:08","modified_gmt":"2025-12-30T06:14:08","slug":"detido-quando-se-masturbava-em-frente-a-criancas-de-uma-escola-basica-em-moscavide","status":"publish","type":"post","link":"https:\/\/www.europesays.com\/pt\/207493\/","title":{"rendered":"Detido quando se masturbava em frente a crian\u00e7as de uma escola b\u00e1sica em Moscavide"},"content":{"rendered":"<p data-remotead-prev-elm=\"true\" data-remotead-elm-id=\"inread\">A Pol\u00edcia foi alertada por funcion\u00e1rias de um estabelecimento de ensino para a presen\u00e7a de um homem a masturbar-se em frente \u00e0s crian\u00e7as e rapidamente os agentes foram ao local e intercetaram o suspeito nas imedia\u00e7\u00f5es da escola.<\/p>\n<p>Ap\u00f3s dilig\u00eancias no local e confirma\u00e7\u00e3o dos factos relatados, o indiv\u00edduo foi detido e conduzido para uma subunidade policial, tendo posteriormente recolhido \u00e0s salas de deten\u00e7\u00e3o do Comando Metropolitano de Lisboa.<\/p>\n<p>O detido foi ouvido em tribunal e ficou proibido de se aproximar de estabelecimentos de ensino num raio de 500 metros.<\/p>\n","protected":false},"excerpt":{"rendered":"A Pol\u00edcia foi alertada por funcion\u00e1rias de um estabelecimento de ensino para a presen\u00e7a de um homem a&hellip;\n","protected":false},"author":2,"featured_media":207494,"comment_status":"","ping_status":"","sticky":false,"template":"","format":"standard","meta":{"footnotes":""},"categories":[10],"tags":[27,28,16610,15,16,14,40842,603,25,26,21,22,31349,12,13,19,20,32,23,24,1306,33,17,18,29,30,31],"class_list":{"0":"post-207493","1":"post","2":"type-post","3":"status-publish","4":"format-standard","5":"has-post-thumbnail","7":"category-portugal","8":"tag-breaking-news","9":"tag-breakingnews","10":"tag-detido","11":"tag-featured-news","12":"tag-featurednews","13":"tag-headlines","14":"tag-importunacao-sexual","15":"tag-justica","16":"tag-latest-news","17":"tag-latestnews","18":"tag-main-news","19":"tag-mainnews","20":"tag-moscavide","21":"tag-news","22":"tag-noticias","23":"tag-noticias-principais","24":"tag-noticiasprincipais","25":"tag-portugal","26":"tag-principais-noticias","27":"tag-principaisnoticias","28":"tag-psp","29":"tag-pt","30":"tag-top-stories","31":"tag-topstories","32":"tag-ultimas","33":"tag-ultimas-noticias","34":"tag-ultimasnoticias"},"share_on_mastodon":{"url":"https:\/\/pubeurope.com\/@pt\/115807050978170630","error":""},"_links":{"self":[{"href":"https:\/\/www.europesays.com\/pt\/wp-json\/wp\/v2\/posts\/207493","targetHints":{"allow":["GET"]}}],"collection":[{"href":"https:\/\/www.europesays.com\/pt\/wp-json\/wp\/v2\/posts"}],"about":[{"href":"https:\/\/www.europesays.com\/pt\/wp-json\/wp\/v2\/types\/post"}],"author":[{"embeddable":true,"href":"https:\/\/www.europesays.com\/pt\/wp-json\/wp\/v2\/users\/2"}],"replies":[{"embeddable":true,"href":"https:\/\/www.europesays.com\/pt\/wp-json\/wp\/v2\/comments?post=207493"}],"version-history":[{"count":0,"href":"https:\/\/www.europesays.com\/pt\/wp-json\/wp\/v2\/posts\/207493\/revisions"}],"wp:featuredmedia":[{"embeddable":true,"href":"https:\/\/www.europesays.com\/pt\/wp-json\/wp\/v2\/media\/207494"}],"wp:attachment":[{"href":"https:\/\/www.europesays.com\/pt\/wp-json\/wp\/v2\/media?parent=207493"}],"wp:term":[{"taxonomy":"category","embeddable":true,"href":"https:\/\/www.europesays.com\/pt\/wp-json\/wp\/v2\/categories?post=207493"},{"taxonomy":"post_tag","embeddable":true,"href":"https:\/\/www.europesays.com\/pt\/wp-json\/wp\/v2\/tags?post=207493"}],"curies":[{"name":"wp","href":"https:\/\/api.w.org\/{rel}","templated":true}]}}