{"id":207510,"date":"2025-12-30T06:57:25","date_gmt":"2025-12-30T06:57:25","guid":{"rendered":"https:\/\/www.europesays.com\/pt\/207510\/"},"modified":"2025-12-30T06:57:25","modified_gmt":"2025-12-30T06:57:25","slug":"marques-mendes-desvaloriza-criticas-quanto-a-presenca-no-conselho-de-estado","status":"publish","type":"post","link":"https:\/\/www.europesays.com\/pt\/207510\/","title":{"rendered":"Marques Mendes desvaloriza cr\u00edticas quanto \u00e0 presen\u00e7a no Conselho de Estado"},"content":{"rendered":"<p>Lu\u00eds Marques Mendes desvalorizou este domingo, dia 28 de dezembro, o que considera ser uma <strong>&#8220;pol\u00e9mica sem sentido&#8221;<\/strong> em torno da sua participa\u00e7\u00e3o no Conselho de Estado, a<strong>firmando que s\u00e3o apenas &#8220;tr\u00eas horas a menos na campanha&#8221;<\/strong>. Marques Mendes respondeu sobre esta quest\u00e3o aos jornalistas \u00e0 chegada ao Fund\u00e3o, no distrito de Castelo Branco, para um almo\u00e7o com apoiantes da sua candidatura.<\/p>\n<p>&#8220;Participar na reuni\u00e3o do Conselho de Estado significa apenas tr\u00eas horas a menos na campanha.\u00a0N\u00e3o tenho problema nenhum com isso&#8221;, afirmou Marques Mendes sobre a reuni\u00e3o convocada para dia 9 de janeiro, dez dias antes das elei\u00e7\u00f5es presidenciais, e onde participa como conselheiro de Estado, assim como o candidato e l\u00edder do Chega, Andr\u00e9 Ventura.<\/p>\n<p>Para Marques Mendes, o Presidente da Rep\u00fablica marcou um Conselho de Estado <strong>&#8220;porque as coisas est\u00e3o a acelerar e tem, por isso, raz\u00e3o de ser, porque esta reuni\u00e3o pode ser importante perante as decis\u00f5es que se est\u00e3o a tomar relativamente \u00e0 Ucr\u00e2nia&#8221;<\/strong>.\u00a0O candidato considera assim que &#8220;\u00e9 uma pol\u00e9mica que n\u00e3o faz sentido&#8221;.<\/p>\n<p>&#8220;Eu vou ao Conselho de Estado. Quem se poderia eventualmente queixar desta decis\u00e3o sou eu e o Andr\u00e9 Ventura, porque somos os dois conselheiros&#8221;, garantiu o social-democrata.<\/p>\n<p>Andr\u00e9 Ventura\u00a0<a aria-label=\"content\" target=\"_blank\" href=\"https:\/\/expresso.pt\/politica\/eleicoes\/presidenciais-2026\/2025-12-27-ventura-quer-conselho-de-estado-so-depois-da-segunda-volta-5b3c9b9e\" rel=\"noopener noreferrer nofollow\">apelou<\/a>\u00a0no s\u00e1bado ao Presidente da Rep\u00fablica, Marcelo Rebelo de Sousa, que adiasse a reuni\u00e3o do Conselho de Estado para depois de uma eventual segunda volta das elei\u00e7\u00f5es presidenciais, que, a verificar-se, se realiza no dia 8 de fevereiro. Ainda assim, reconheceu que iria marcar presen\u00e7a, entendendo que a reuni\u00e3o deveria prever &#8220;um balan\u00e7o do mandato de 10 anos de Marcelo Rebelo de Sousa e o que este deixou na cena internacional.&#8221; O l\u00edder do Chega v\u00ea o atual Presidente da Rep\u00fablica a &#8220;interferir&#8221; nas Presidenciais. Cotrim de Figueiredo alinhou-se ao lado de Ventura no mesmo pedido, considerando que Marcelo tem tido um final de mandato &#8220;atabalhoado.&#8221;<\/p>\n<p>Este domingo, o candidato Henrique Gouveia e Melo declarou que ser-se membro do Conselho de Estado n\u00e3o \u00e9 compat\u00edvel com ser-se candidato presidencial, referindo-se apenas a Marques Mendes.\u00a0&#8220;N\u00e3o s\u00f3 porque tem acesso a informa\u00e7\u00e3o privilegiada, como est\u00e1 numa fun\u00e7\u00e3o de Estado\u00a0que n\u00e3o \u00e9 compat\u00edvel com o facto de ser candidato&#8221;, declarou.<\/p>\n<p><strong>&#8220;Se fosse eu, tinha pedido ao senhor Presidente da Rep\u00fablica para sair do Conselho de Estado logo que me tivesse candidatado. Isso n\u00e3o aconteceu, acho mal, \u00e9 a minha opini\u00e3o, mas\u00a0\u00e9 o doutor Lu\u00eds Marques Mendes que vai ter de pensar se ser conselheiro de Estado e ser candidato em simult\u00e2neo \u00e9 uma coisa boa ou m\u00e1&#8221;<\/strong>, apontou.<\/p>\n<p>Na atual legislatura, a Assembleia da Rep\u00fablica, ao fim de mais de seis meses, ainda n\u00e3o elegeu os cinco membros que lhe compete indicar para o Conselho de Estado. Como tal, permanecem Carlos Moedas (PSD), Pedro Nuno Santos, Carlos C\u00e9sar (PS) e Andr\u00e9 Ventura, todos eleitos em 2024. Tamb\u00e9m fazia parte deste \u00f3rg\u00e3o o fundador do PSD e antigo primeiro-ministro, Francisco Pinto Balsem\u00e3o, que morreu em 21 de outubro.<\/p>\n<p>Entre os membros do Conselho de Estado nomeados por Marcelo Rebelo de Sousa, est\u00e1 Lu\u00eds Marques Mendes, a antiga ministra e atual vice-presidente do PSD Leonor Beleza, a escritora L\u00eddia Jorge, a maestrina Joana Carneiro e o antigo dirigente do CDS Ant\u00f3nio Lobo Xavier.<\/p>\n","protected":false},"excerpt":{"rendered":"Lu\u00eds Marques Mendes desvalorizou este domingo, dia 28 de dezembro, o que considera ser uma &#8220;pol\u00e9mica sem sentido&#8221;&hellip;\n","protected":false},"author":2,"featured_media":128970,"comment_status":"","ping_status":"","sticky":false,"template":"","format":"standard","meta":{"footnotes":""},"categories":[8],"tags":[7605,27,28,1736,40235,37215,15,16,14,17460,25,26,21,22,588,24788,12,13,19,20,32,23,24,33,17,18,29,30,31],"class_list":{"0":"post-207510","1":"post","2":"type-post","3":"status-publish","4":"format-standard","5":"has-post-thumbnail","7":"category-principais-noticias","8":"tag-almirante-gouveia-e-melo","9":"tag-breaking-news","10":"tag-breakingnews","11":"tag-chega","12":"tag-conselho-de-estado","13":"tag-eleicoes-presidenciais-2026","14":"tag-featured-news","15":"tag-featurednews","16":"tag-headlines","17":"tag-joao-cotrim-de-figueiredo","18":"tag-latest-news","19":"tag-latestnews","20":"tag-main-news","21":"tag-mainnews","22":"tag-marcelo-rebelo-de-sousa","23":"tag-marques-mendes","24":"tag-news","25":"tag-noticias","26":"tag-noticias-principais","27":"tag-noticiasprincipais","28":"tag-portugal","29":"tag-principais-noticias","30":"tag-principaisnoticias","31":"tag-pt","32":"tag-top-stories","33":"tag-topstories","34":"tag-ultimas","35":"tag-ultimas-noticias","36":"tag-ultimasnoticias"},"share_on_mastodon":{"url":"","error":"Validation failed: Text character limit of 500 exceeded"},"_links":{"self":[{"href":"https:\/\/www.europesays.com\/pt\/wp-json\/wp\/v2\/posts\/207510","targetHints":{"allow":["GET"]}}],"collection":[{"href":"https:\/\/www.europesays.com\/pt\/wp-json\/wp\/v2\/posts"}],"about":[{"href":"https:\/\/www.europesays.com\/pt\/wp-json\/wp\/v2\/types\/post"}],"author":[{"embeddable":true,"href":"https:\/\/www.europesays.com\/pt\/wp-json\/wp\/v2\/users\/2"}],"replies":[{"embeddable":true,"href":"https:\/\/www.europesays.com\/pt\/wp-json\/wp\/v2\/comments?post=207510"}],"version-history":[{"count":0,"href":"https:\/\/www.europesays.com\/pt\/wp-json\/wp\/v2\/posts\/207510\/revisions"}],"wp:featuredmedia":[{"embeddable":true,"href":"https:\/\/www.europesays.com\/pt\/wp-json\/wp\/v2\/media\/128970"}],"wp:attachment":[{"href":"https:\/\/www.europesays.com\/pt\/wp-json\/wp\/v2\/media?parent=207510"}],"wp:term":[{"taxonomy":"category","embeddable":true,"href":"https:\/\/www.europesays.com\/pt\/wp-json\/wp\/v2\/categories?post=207510"},{"taxonomy":"post_tag","embeddable":true,"href":"https:\/\/www.europesays.com\/pt\/wp-json\/wp\/v2\/tags?post=207510"}],"curies":[{"name":"wp","href":"https:\/\/api.w.org\/{rel}","templated":true}]}}